{"id":998,"date":"2016-04-04T19:57:29","date_gmt":"2016-04-04T17:57:29","guid":{"rendered":"https:\/\/www.au-donau.at\/heimathaus2023\/?p=998"},"modified":"2023-04-11T19:59:52","modified_gmt":"2023-04-11T17:59:52","slug":"generalversammlung-2016","status":"publish","type":"post","link":"https:\/\/www.au-donau.at\/heimathaus\/generalversammlung-2016\/","title":{"rendered":"Generalversammlung 2016"},"content":{"rendered":"<p style=\"text-align: center;\">Am 4. April 2016 fand im Gasthaus Lettner in Naarn die ordentliche Generalversammlung des Kulturvereines FORUM NAARN statt.<\/p>\n<p style=\"text-align: center;\">Obmann Max Mairhofer konnte viele Vereinsmitglieder und zahlreiche Ehreng\u00e4ste begr\u00fc\u00dfen. Er bedankte sich bei den vielen freiwilligen Helfern f\u00fcr die bisher geleistete Arbeit und ersuchte um weitere Mithilfe bei diversen Veranstaltungen und Aktivit\u00e4ten.<\/p>\n<p style=\"text-align: center;\"><a name=\"_GoBack\"><\/a>Der Bericht des Obmannes und der Kassierin Katharina Bergsmann \u00fcber die Jahre 2014 und 2015 fiel sehr positiv aus. Ebenso der Bericht der Kontrolle durch Herrn Derntl Reinhard, sodass der Kassierin und dem Vorstand f\u00fcr diesen Zeitraum von der Generalversammlung die Entlastung erteilt wurde.<\/p>\n<p style=\"text-align: center;\">Bei der von Herrn B\u00fcrgermeister Martin Gaisberger durchgef\u00fchrten Neuwahl, wurde das Vorstandsteam mit 100% Zustimmung wiedergew\u00e4hlt.<\/p>\n<p style=\"text-align: center;\">Im Rahmen der Generalversammlung wurde von Tourismusobmann Josef Lettner und seinem Stellvertreter Johann Strasser die Siegerehrung des Fotowettbewerbes<\/p>\n<p style=\"text-align: center;\">\u201e<b>Naarn von seiner sch\u00f6nsten Seite\u201c\u00a0<\/b>vorgenommen.<\/p>\n<p style=\"text-align: center;\">Die Gru\u00dfworte der Ehreng\u00e4ste waren voll des Lobes \u00fcber die Aktivit\u00e4ten des Vereines im Naarner Heimathaus.<\/p>\n<p style=\"text-align: center;\">Einen schwungvollen Abschluss nahm die Generalversammlung mit<\/p>\n<p style=\"text-align: center;\">\u201e<b>Geh weida kim\u201c<\/b>\u00a0\u2013 Mundartdichter Joschi Anzinger und die M\u00fchlviertler Okarinamusi (Josef Wiesinger und Gottfried Kletzmair) \u2013 heizten die Stimmung so richtig an.<\/p>\n","protected":false},"excerpt":{"rendered":"<p>Am 4. April 2016 fand im Gasthaus Lettner in Naarn die ordentliche Generalversammlung des Kulturvereines FORUM NAARN statt. Obmann Max Mairhofer konnte viele Vereinsmitglieder und zahlreiche Ehreng\u00e4ste begr\u00fc\u00dfen. Er bedankte sich bei den vielen freiwilligen Helfern f\u00fcr die bisher geleistete Arbeit und ersuchte um weitere Mithilfe bei diversen Veranstaltungen und Aktivit\u00e4ten. Der Bericht des Obmannes [&hellip;]<\/p>\n","protected":false},"author":1,"featured_media":0,"comment_status":"closed","ping_status":"closed","sticky":false,"template":"","format":"standard","meta":{"footnotes":""},"categories":[13],"tags":[],"class_list":["post-998","post","type-post","status-publish","format-standard","hentry","category-rueckblicke"],"_links":{"self":[{"href":"https:\/\/www.au-donau.at\/heimathaus\/wp-json\/wp\/v2\/posts\/998","targetHints":{"allow":["GET"]}}],"collection":[{"href":"https:\/\/www.au-donau.at\/heimathaus\/wp-json\/wp\/v2\/posts"}],"about":[{"href":"https:\/\/www.au-donau.at\/heimathaus\/wp-json\/wp\/v2\/types\/post"}],"author":[{"embeddable":true,"href":"https:\/\/www.au-donau.at\/heimathaus\/wp-json\/wp\/v2\/users\/1"}],"replies":[{"embeddable":true,"href":"https:\/\/www.au-donau.at\/heimathaus\/wp-json\/wp\/v2\/comments?post=998"}],"version-history":[{"count":1,"href":"https:\/\/www.au-donau.at\/heimathaus\/wp-json\/wp\/v2\/posts\/998\/revisions"}],"predecessor-version":[{"id":999,"href":"https:\/\/www.au-donau.at\/heimathaus\/wp-json\/wp\/v2\/posts\/998\/revisions\/999"}],"wp:attachment":[{"href":"https:\/\/www.au-donau.at\/heimathaus\/wp-json\/wp\/v2\/media?parent=998"}],"wp:term":[{"taxonomy":"category","embeddable":true,"href":"https:\/\/www.au-donau.at\/heimathaus\/wp-json\/wp\/v2\/categories?post=998"},{"taxonomy":"post_tag","embeddable":true,"href":"https:\/\/www.au-donau.at\/heimathaus\/wp-json\/wp\/v2\/tags?post=998"}],"curies":[{"name":"wp","href":"https:\/\/api.w.org\/{rel}","templated":true}]}}