{"id":990,"date":"2017-06-14T19:51:02","date_gmt":"2017-06-14T17:51:02","guid":{"rendered":"https:\/\/www.au-donau.at\/heimathaus2023\/?p=990"},"modified":"2023-04-11T19:51:45","modified_gmt":"2023-04-11T17:51:45","slug":"raststation-bei-radausflug-pensionisten-naarn","status":"publish","type":"post","link":"https:\/\/www.au-donau.at\/heimathaus\/raststation-bei-radausflug-pensionisten-naarn\/","title":{"rendered":"Raststation bei Radausflug Pensionisten Naarn"},"content":{"rendered":"<p style=\"text-align: center;\">Bei idealem Wetter besuchten 24 Radfahrer das Naarner Heimathaus.<br \/>\nGrete Lambauer, Rosa Wahlm\u00fcller und \u00a0Obmann Max Mairhofer \u00a0vom Kulturverein<br \/>\nFORUM NAARN, sorgten f\u00fcr k\u00f6stliche Brote, sowie Getr\u00e4nke und Kaffee.<br \/>\nChristine Tischberger, Rosi Stadlbauer u. Margarte Fr\u00fchwirth, spendeten k\u00f6stlich<br \/>\nmundende Fr\u00fcchtekuchen.<br \/>\nRundum zufrieden begab sich die Radgruppe nach erfolgter Rast und kulinarischer St\u00e4rkung<br \/>\nauf den Heimweg.<\/p>\n","protected":false},"excerpt":{"rendered":"<p>Bei idealem Wetter besuchten 24 Radfahrer das Naarner Heimathaus. Grete Lambauer, Rosa Wahlm\u00fcller und \u00a0Obmann Max Mairhofer \u00a0vom Kulturverein FORUM NAARN, sorgten f\u00fcr k\u00f6stliche Brote, sowie Getr\u00e4nke und Kaffee. Christine Tischberger, Rosi Stadlbauer u. Margarte Fr\u00fchwirth, spendeten k\u00f6stlich mundende Fr\u00fcchtekuchen. Rundum zufrieden begab sich die Radgruppe nach erfolgter Rast und kulinarischer St\u00e4rkung auf den Heimweg.<\/p>\n","protected":false},"author":1,"featured_media":0,"comment_status":"closed","ping_status":"closed","sticky":false,"template":"","format":"standard","meta":{"footnotes":""},"categories":[13],"tags":[],"class_list":["post-990","post","type-post","status-publish","format-standard","hentry","category-rueckblicke"],"_links":{"self":[{"href":"https:\/\/www.au-donau.at\/heimathaus\/wp-json\/wp\/v2\/posts\/990","targetHints":{"allow":["GET"]}}],"collection":[{"href":"https:\/\/www.au-donau.at\/heimathaus\/wp-json\/wp\/v2\/posts"}],"about":[{"href":"https:\/\/www.au-donau.at\/heimathaus\/wp-json\/wp\/v2\/types\/post"}],"author":[{"embeddable":true,"href":"https:\/\/www.au-donau.at\/heimathaus\/wp-json\/wp\/v2\/users\/1"}],"replies":[{"embeddable":true,"href":"https:\/\/www.au-donau.at\/heimathaus\/wp-json\/wp\/v2\/comments?post=990"}],"version-history":[{"count":1,"href":"https:\/\/www.au-donau.at\/heimathaus\/wp-json\/wp\/v2\/posts\/990\/revisions"}],"predecessor-version":[{"id":991,"href":"https:\/\/www.au-donau.at\/heimathaus\/wp-json\/wp\/v2\/posts\/990\/revisions\/991"}],"wp:attachment":[{"href":"https:\/\/www.au-donau.at\/heimathaus\/wp-json\/wp\/v2\/media?parent=990"}],"wp:term":[{"taxonomy":"category","embeddable":true,"href":"https:\/\/www.au-donau.at\/heimathaus\/wp-json\/wp\/v2\/categories?post=990"},{"taxonomy":"post_tag","embeddable":true,"href":"https:\/\/www.au-donau.at\/heimathaus\/wp-json\/wp\/v2\/tags?post=990"}],"curies":[{"name":"wp","href":"https:\/\/api.w.org\/{rel}","templated":true}]}}