{"id":988,"date":"2017-06-29T19:47:52","date_gmt":"2017-06-29T17:47:52","guid":{"rendered":"https:\/\/www.au-donau.at\/heimathaus2023\/?p=988"},"modified":"2023-04-11T19:49:57","modified_gmt":"2023-04-11T17:49:57","slug":"besuch-3-a-und-3-b-klasse-der-nms-naarn","status":"publish","type":"post","link":"https:\/\/www.au-donau.at\/heimathaus\/besuch-3-a-und-3-b-klasse-der-nms-naarn\/","title":{"rendered":"Besuch 3 A und 3 B Klasse der NMS Naarn"},"content":{"rendered":"<p style=\"text-align: center;\">Im Rahmen eines Wandertages besuchten 44 Sch\u00fclerinnen und Sch\u00fcler der NMS Naarn<br \/>\nmit Ihren Klassenvorst\u00e4nden Helmut Pichler und Edith \u00d6hlinger, sowie den Lehrern Anita Pichler,<br \/>\nRegina F\u00fcrst und Manfred Michlmayr das Naarner Heimathaus.<br \/>\nNach der Begr\u00fc\u00dfung durch Obmann Max Mairhofer vom Kulturverein FORUM NAARN,<br \/>\nerfolgte im Heimathaus eine F\u00fchrung durch Frau Grete Lambauer, sowie im Stadel<br \/>\neine Filmvorf\u00fchrung zu den Themen Holzschwemme auf der Aist und Donaufl\u00f6\u00dferei.<br \/>\nDie Sch\u00fcler und Lehrer folgten sehr interessiert den Ausf\u00fchrungen.<br \/>\nDas Heimathausareal eignete sich auch gut zur verdienten Jausenpause.<br \/>\nAnschlie\u00dfend ging die Wanderung am Aistdamm entlang nach Au und wieder zur<br \/>\nSchule zur\u00fcck.<\/p>\n","protected":false},"excerpt":{"rendered":"<p>Im Rahmen eines Wandertages besuchten 44 Sch\u00fclerinnen und Sch\u00fcler der NMS Naarn mit Ihren Klassenvorst\u00e4nden Helmut Pichler und Edith \u00d6hlinger, sowie den Lehrern Anita Pichler, Regina F\u00fcrst und Manfred Michlmayr das Naarner Heimathaus. Nach der Begr\u00fc\u00dfung durch Obmann Max Mairhofer vom Kulturverein FORUM NAARN, erfolgte im Heimathaus eine F\u00fchrung durch Frau Grete Lambauer, sowie im [&hellip;]<\/p>\n","protected":false},"author":1,"featured_media":0,"comment_status":"closed","ping_status":"closed","sticky":false,"template":"","format":"standard","meta":{"footnotes":""},"categories":[13],"tags":[],"class_list":["post-988","post","type-post","status-publish","format-standard","hentry","category-rueckblicke"],"_links":{"self":[{"href":"https:\/\/www.au-donau.at\/heimathaus\/wp-json\/wp\/v2\/posts\/988","targetHints":{"allow":["GET"]}}],"collection":[{"href":"https:\/\/www.au-donau.at\/heimathaus\/wp-json\/wp\/v2\/posts"}],"about":[{"href":"https:\/\/www.au-donau.at\/heimathaus\/wp-json\/wp\/v2\/types\/post"}],"author":[{"embeddable":true,"href":"https:\/\/www.au-donau.at\/heimathaus\/wp-json\/wp\/v2\/users\/1"}],"replies":[{"embeddable":true,"href":"https:\/\/www.au-donau.at\/heimathaus\/wp-json\/wp\/v2\/comments?post=988"}],"version-history":[{"count":1,"href":"https:\/\/www.au-donau.at\/heimathaus\/wp-json\/wp\/v2\/posts\/988\/revisions"}],"predecessor-version":[{"id":989,"href":"https:\/\/www.au-donau.at\/heimathaus\/wp-json\/wp\/v2\/posts\/988\/revisions\/989"}],"wp:attachment":[{"href":"https:\/\/www.au-donau.at\/heimathaus\/wp-json\/wp\/v2\/media?parent=988"}],"wp:term":[{"taxonomy":"category","embeddable":true,"href":"https:\/\/www.au-donau.at\/heimathaus\/wp-json\/wp\/v2\/categories?post=988"},{"taxonomy":"post_tag","embeddable":true,"href":"https:\/\/www.au-donau.at\/heimathaus\/wp-json\/wp\/v2\/tags?post=988"}],"curies":[{"name":"wp","href":"https:\/\/api.w.org\/{rel}","templated":true}]}}