{"id":982,"date":"2017-07-20T19:44:51","date_gmt":"2017-07-20T17:44:51","guid":{"rendered":"https:\/\/www.au-donau.at\/heimathaus2023\/?p=982"},"modified":"2023-04-11T19:46:00","modified_gmt":"2023-04-11T17:46:00","slug":"volksmusikabend","status":"publish","type":"post","link":"https:\/\/www.au-donau.at\/heimathaus\/volksmusikabend\/","title":{"rendered":"Volksmusikabend\u00a0"},"content":{"rendered":"<p style=\"text-align: center;\">Beim diesj\u00e4hrigen Volksmusikabend war uns erstmals das Wetter nicht gut gesinnt.<br \/>\nKurz nach Beginn der Veranstaltung setzte Starkregen und Sturm ein.<br \/>\nDie Musikgruppen\u00a0 \u2013\u00a0<strong>Ensemble MV Naarn, Harmonikaduo LMS Perg, Gruppe Okarinaklang,<\/strong><br \/>\nsowie\u00a0<strong>Gabalierdouble Mario Karl<\/strong>\u00a0\u2013 konnten Ihr Programm leider nicht wie vorgesehen fortsetzen.<br \/>\nNach einer zaghaften Wetterbesserung improvisierte man im Stadel und Zelt das weitere Programm<br \/>\nmit den kleineren Gruppen.<br \/>\nDie verbliebenen G\u00e4ste unterhielten sich bestens und es gab trotz des Schlechtwetters<br \/>\neinen gem\u00fctlichen Abend.<br \/>\nDer Dank von Obmann Mairhofer galt den wetterfesten G\u00e4sten f\u00fcr Ihren Besuch, den Akteuren<br \/>\nf\u00fcr Ihr Improvisationstalent, sowie den Helfern f\u00fcr Ihre T\u00e4tigkeit im Rahmen dieser Veranstaltung.<br \/>\nF\u00fcr den Volksmusikabend 2018 hofft man wieder auf sch\u00f6nes Wetter und ein abwechslungsreiches<br \/>\nProgramm.<\/p>\n","protected":false},"excerpt":{"rendered":"<p>Beim diesj\u00e4hrigen Volksmusikabend war uns erstmals das Wetter nicht gut gesinnt. Kurz nach Beginn der Veranstaltung setzte Starkregen und Sturm ein. Die Musikgruppen\u00a0 \u2013\u00a0Ensemble MV Naarn, Harmonikaduo LMS Perg, Gruppe Okarinaklang, sowie\u00a0Gabalierdouble Mario Karl\u00a0\u2013 konnten Ihr Programm leider nicht wie vorgesehen fortsetzen. Nach einer zaghaften Wetterbesserung improvisierte man im Stadel und Zelt das weitere Programm [&hellip;]<\/p>\n","protected":false},"author":1,"featured_media":0,"comment_status":"closed","ping_status":"closed","sticky":false,"template":"","format":"standard","meta":{"footnotes":""},"categories":[13],"tags":[],"class_list":["post-982","post","type-post","status-publish","format-standard","hentry","category-rueckblicke"],"_links":{"self":[{"href":"https:\/\/www.au-donau.at\/heimathaus\/wp-json\/wp\/v2\/posts\/982","targetHints":{"allow":["GET"]}}],"collection":[{"href":"https:\/\/www.au-donau.at\/heimathaus\/wp-json\/wp\/v2\/posts"}],"about":[{"href":"https:\/\/www.au-donau.at\/heimathaus\/wp-json\/wp\/v2\/types\/post"}],"author":[{"embeddable":true,"href":"https:\/\/www.au-donau.at\/heimathaus\/wp-json\/wp\/v2\/users\/1"}],"replies":[{"embeddable":true,"href":"https:\/\/www.au-donau.at\/heimathaus\/wp-json\/wp\/v2\/comments?post=982"}],"version-history":[{"count":1,"href":"https:\/\/www.au-donau.at\/heimathaus\/wp-json\/wp\/v2\/posts\/982\/revisions"}],"predecessor-version":[{"id":983,"href":"https:\/\/www.au-donau.at\/heimathaus\/wp-json\/wp\/v2\/posts\/982\/revisions\/983"}],"wp:attachment":[{"href":"https:\/\/www.au-donau.at\/heimathaus\/wp-json\/wp\/v2\/media?parent=982"}],"wp:term":[{"taxonomy":"category","embeddable":true,"href":"https:\/\/www.au-donau.at\/heimathaus\/wp-json\/wp\/v2\/categories?post=982"},{"taxonomy":"post_tag","embeddable":true,"href":"https:\/\/www.au-donau.at\/heimathaus\/wp-json\/wp\/v2\/tags?post=982"}],"curies":[{"name":"wp","href":"https:\/\/api.w.org\/{rel}","templated":true}]}}