{"id":976,"date":"2017-07-28T19:40:01","date_gmt":"2017-07-28T17:40:01","guid":{"rendered":"https:\/\/www.au-donau.at\/heimathaus2023\/?p=976"},"modified":"2023-04-11T19:40:54","modified_gmt":"2023-04-11T17:40:54","slug":"mein-sommerradio-in-naarn","status":"publish","type":"post","link":"https:\/\/www.au-donau.at\/heimathaus\/mein-sommerradio-in-naarn\/","title":{"rendered":"Mein Sommerradio in Naarn"},"content":{"rendered":"<p>&nbsp;<\/p>\n<p style=\"text-align: center;\">Das ORF O\u00d6 Sommerradio machte am 28.Juli 2017 bei der Kulturb\u00fchne in Au\/D. Station.<br \/>\nEine Au\u00dfenstelle bildete das Heimathaus in Oberwagram.<br \/>\nModeratorin Claudia Woitsch zeigte sich beim Interviewtermin mit Obmann Max Mairhofer,<br \/>\nsowie Gespr\u00e4chen mit Obmannstellvertreter Hermann Lambauer, sehr angetan vom<br \/>\nHeimathaus und seinen Zubauten.<br \/>\nDer Obmann des Oldtimerclubs Naarn \u2013 Herr Leopold Fr\u00f6schl \u2013 brachte viele Besucher<br \/>\nmit dem Machlandexpress \u00a0in Form einer Rundfahrt von der Kulturb\u00fchne zum Heimathaus.<br \/>\nMax Mairhofer informierte \u00fcber Sehensw\u00fcrdigkeiten entlang der Strecke.<br \/>\nGrete Lambauer f\u00fchrte die Besucher durch das Heimathaus.<br \/>\nIm Stadel wurde der Film \u00fcber die Holzschwemme auf der Aist, sowie die Donaufl\u00f6\u00dferei<br \/>\nvorgef\u00fchrt. Mitglieder des Kulturvereins FORUM NAARN servierten Kaffee und k\u00f6stliche<br \/>\nMehlspeisen, sowie Getr\u00e4nke.<br \/>\nEin sehr gut gelungener Nachmittag bei idealem Wetter.<\/p>\n","protected":false},"excerpt":{"rendered":"<p>&nbsp; Das ORF O\u00d6 Sommerradio machte am 28.Juli 2017 bei der Kulturb\u00fchne in Au\/D. Station. Eine Au\u00dfenstelle bildete das Heimathaus in Oberwagram. Moderatorin Claudia Woitsch zeigte sich beim Interviewtermin mit Obmann Max Mairhofer, sowie Gespr\u00e4chen mit Obmannstellvertreter Hermann Lambauer, sehr angetan vom Heimathaus und seinen Zubauten. Der Obmann des Oldtimerclubs Naarn \u2013 Herr Leopold Fr\u00f6schl [&hellip;]<\/p>\n","protected":false},"author":1,"featured_media":0,"comment_status":"closed","ping_status":"closed","sticky":false,"template":"","format":"standard","meta":{"footnotes":""},"categories":[13],"tags":[],"class_list":["post-976","post","type-post","status-publish","format-standard","hentry","category-rueckblicke"],"_links":{"self":[{"href":"https:\/\/www.au-donau.at\/heimathaus\/wp-json\/wp\/v2\/posts\/976","targetHints":{"allow":["GET"]}}],"collection":[{"href":"https:\/\/www.au-donau.at\/heimathaus\/wp-json\/wp\/v2\/posts"}],"about":[{"href":"https:\/\/www.au-donau.at\/heimathaus\/wp-json\/wp\/v2\/types\/post"}],"author":[{"embeddable":true,"href":"https:\/\/www.au-donau.at\/heimathaus\/wp-json\/wp\/v2\/users\/1"}],"replies":[{"embeddable":true,"href":"https:\/\/www.au-donau.at\/heimathaus\/wp-json\/wp\/v2\/comments?post=976"}],"version-history":[{"count":1,"href":"https:\/\/www.au-donau.at\/heimathaus\/wp-json\/wp\/v2\/posts\/976\/revisions"}],"predecessor-version":[{"id":977,"href":"https:\/\/www.au-donau.at\/heimathaus\/wp-json\/wp\/v2\/posts\/976\/revisions\/977"}],"wp:attachment":[{"href":"https:\/\/www.au-donau.at\/heimathaus\/wp-json\/wp\/v2\/media?parent=976"}],"wp:term":[{"taxonomy":"category","embeddable":true,"href":"https:\/\/www.au-donau.at\/heimathaus\/wp-json\/wp\/v2\/categories?post=976"},{"taxonomy":"post_tag","embeddable":true,"href":"https:\/\/www.au-donau.at\/heimathaus\/wp-json\/wp\/v2\/tags?post=976"}],"curies":[{"name":"wp","href":"https:\/\/api.w.org\/{rel}","templated":true}]}}