{"id":973,"date":"2018-03-20T19:25:54","date_gmt":"2018-03-20T18:25:54","guid":{"rendered":"https:\/\/www.au-donau.at\/heimathaus2023\/?p=973"},"modified":"2023-04-11T19:36:10","modified_gmt":"2023-04-11T17:36:10","slug":"generalversammlung-im-gh-walterer-in-naarn","status":"publish","type":"post","link":"https:\/\/www.au-donau.at\/heimathaus\/generalversammlung-im-gh-walterer-in-naarn\/","title":{"rendered":"Generalversammlung im GH Walterer in Naarn"},"content":{"rendered":"<p style=\"text-align: center;\">Am 20.M\u00e4rz 2018 fand im Gasthaus Walterer die ordentliche Generalversammlung<br \/>\ndes Kulturvereines\u00a0<strong>FORUM NAARN<\/strong>\u00a0statt.<\/p>\n<p style=\"text-align: center;\">Obmann Max Mairhofer konnte 48 Mitglieder begr\u00fc\u00dfen. Auf Grund einiger unvorhersehbarer<br \/>\nUmst\u00e4nde, war die Besucherzahl etwas geringer, als bei den letzten Generalversammlungen ausgefallen. Bei seinem Bericht \u00fcber die Jahre 2016 und 2017 konnte er auf viele Veranstaltungen zur\u00fcck blicken. Einen erfreulichen Kassenbericht brachte Kassierin Katharina Lambauer zur Kenntnis. Kassenpr\u00fcfer Rupert Wahlm\u00fcller sprach sich sehr lobend \u00fcber die exakte Kassenf\u00fchrung aus. Der Kassierin und dem Vorstand wurde von der Generalversammlung die Entlastung \u00fcber die Periode 2016 und 2017 einstimmig erteilt. Die Neuwahl wurde von B\u00fcrgermeister Martin Gaisberger geleitet. Der Vorstand wurde bis auf eine Ausnahme wieder gew\u00e4hlt. Anstelle von Kassierinstellvertreter Josef Lettner, wurde Anita Walch als Stellvertreterin gew\u00e4hlt. Als neue Beiratsmitglieder kamen Christian Kloibhofer und Hermann Lambauer jun. dazu.<\/p>\n<p style=\"text-align: center;\">Bei den Gru\u00dfworten der Ehreng\u00e4ste \u2013 Bgm. Martin Gaisberger, Vbgm. Franz Bauer, Pfarrer Johann Zauner, Sparkassen Bankstellenleiter Rene Starzer \u2013\u00a0 gab es viel Lob f\u00fcr die Aktivit\u00e4ten rund um das Heimathaus.<\/p>\n<p style=\"text-align: center;\">Im Anschluss an die Generalversammlung traten im Saal des GH Walterer die\u00a0<strong>Schuhplattler-und Volkstanzgruppe\u00a0<\/strong><strong>St. Pantaleon<\/strong>\u00a0und die\u00a0<strong>Erlaswingers\u00a0<\/strong>auf.\u00a0 Mit schwungvollen Melodien und T\u00e4nzen, sowie Schuhplattlerauftritten wurden die anwesenden Mitglieder, sowie\u00a0 weitere G\u00e4ste bestens unterhalten. Ein sehr gelungener Abend, der sich mehr Besucher verdient h\u00e4tte.<\/p>\n","protected":false},"excerpt":{"rendered":"<p>Am 20.M\u00e4rz 2018 fand im Gasthaus Walterer die ordentliche Generalversammlung des Kulturvereines\u00a0FORUM NAARN\u00a0statt. Obmann Max Mairhofer konnte 48 Mitglieder begr\u00fc\u00dfen. Auf Grund einiger unvorhersehbarer Umst\u00e4nde, war die Besucherzahl etwas geringer, als bei den letzten Generalversammlungen ausgefallen. Bei seinem Bericht \u00fcber die Jahre 2016 und 2017 konnte er auf viele Veranstaltungen zur\u00fcck blicken. Einen erfreulichen Kassenbericht [&hellip;]<\/p>\n","protected":false},"author":1,"featured_media":0,"comment_status":"closed","ping_status":"closed","sticky":false,"template":"","format":"standard","meta":{"footnotes":""},"categories":[13],"tags":[],"class_list":["post-973","post","type-post","status-publish","format-standard","hentry","category-rueckblicke"],"_links":{"self":[{"href":"https:\/\/www.au-donau.at\/heimathaus\/wp-json\/wp\/v2\/posts\/973","targetHints":{"allow":["GET"]}}],"collection":[{"href":"https:\/\/www.au-donau.at\/heimathaus\/wp-json\/wp\/v2\/posts"}],"about":[{"href":"https:\/\/www.au-donau.at\/heimathaus\/wp-json\/wp\/v2\/types\/post"}],"author":[{"embeddable":true,"href":"https:\/\/www.au-donau.at\/heimathaus\/wp-json\/wp\/v2\/users\/1"}],"replies":[{"embeddable":true,"href":"https:\/\/www.au-donau.at\/heimathaus\/wp-json\/wp\/v2\/comments?post=973"}],"version-history":[{"count":1,"href":"https:\/\/www.au-donau.at\/heimathaus\/wp-json\/wp\/v2\/posts\/973\/revisions"}],"predecessor-version":[{"id":974,"href":"https:\/\/www.au-donau.at\/heimathaus\/wp-json\/wp\/v2\/posts\/973\/revisions\/974"}],"wp:attachment":[{"href":"https:\/\/www.au-donau.at\/heimathaus\/wp-json\/wp\/v2\/media?parent=973"}],"wp:term":[{"taxonomy":"category","embeddable":true,"href":"https:\/\/www.au-donau.at\/heimathaus\/wp-json\/wp\/v2\/categories?post=973"},{"taxonomy":"post_tag","embeddable":true,"href":"https:\/\/www.au-donau.at\/heimathaus\/wp-json\/wp\/v2\/tags?post=973"}],"curies":[{"name":"wp","href":"https:\/\/api.w.org\/{rel}","templated":true}]}}