{"id":966,"date":"2018-06-18T19:21:27","date_gmt":"2018-06-18T17:21:27","guid":{"rendered":"https:\/\/www.au-donau.at\/heimathaus2023\/?p=966"},"modified":"2023-04-11T19:28:44","modified_gmt":"2023-04-11T17:28:44","slug":"besuch-im-naarner-heimathaus","status":"publish","type":"post","link":"https:\/\/www.au-donau.at\/heimathaus\/besuch-im-naarner-heimathaus\/","title":{"rendered":"Besuch im Naarner Heimathaus"},"content":{"rendered":"<p style=\"text-align: center;\">Bei einer von Johanna Nefischer und Hans Kernecker organisierten Ausfahrt mi dem\u00a0<b>\u201eOriginal Londoner Stockbus\u201c\u00a0<\/b>besuchte eine Damenrunde aus Perg, das Naarner Heimathaus.<\/p>\n<p style=\"text-align: center;\">Nach der Begr\u00fc\u00dfung durch den Obmann des Kulturvereines FORUM NAARN, Max Mairhofer, informierte dieser \u00fcber das Geschehen rund um das Heimathaus in den letzten Jahren. Zu den Themen Holzschwemme auf der Aist und Donaufl\u00f6\u00dferei wurde anschlie\u00dfend ein kurzer Film gezeigt.<\/p>\n<p style=\"text-align: center;\">Frau Grete Lambauer berichtete sehr ausf\u00fchrlich \u00fcber das Baugeschehen seit Vereinsgr\u00fcndung im M\u00e4rz 2012. Sie f\u00fchrte die G\u00e4ste durch das Heimathaus und informierte \u00fcber das Leben in fr\u00fcherer Zeit.<\/p>\n<p style=\"text-align: center;\">Alte Gebrauchsgegenst\u00e4nde und Werkzeug, konnten im Werkzeugraum \u00fcber dem Keller besichtigt werden.<\/p>\n<p style=\"text-align: center;\">Die Damen zeigten sich sehr angetan vom Heimathausensemble und bedankten sich zum Abschied mit einem K\u00e4rntner Volkslied. Ein sehr gelungener und gem\u00fctlicher Ausflug, fand im Gasthaus Landerl seinen Ausklang.<\/p>\n","protected":false},"excerpt":{"rendered":"<p>Bei einer von Johanna Nefischer und Hans Kernecker organisierten Ausfahrt mi dem\u00a0\u201eOriginal Londoner Stockbus\u201c\u00a0besuchte eine Damenrunde aus Perg, das Naarner Heimathaus. Nach der Begr\u00fc\u00dfung durch den Obmann des Kulturvereines FORUM NAARN, Max Mairhofer, informierte dieser \u00fcber das Geschehen rund um das Heimathaus in den letzten Jahren. Zu den Themen Holzschwemme auf der Aist und Donaufl\u00f6\u00dferei [&hellip;]<\/p>\n","protected":false},"author":1,"featured_media":0,"comment_status":"closed","ping_status":"closed","sticky":false,"template":"","format":"standard","meta":{"footnotes":""},"categories":[13],"tags":[],"class_list":["post-966","post","type-post","status-publish","format-standard","hentry","category-rueckblicke"],"_links":{"self":[{"href":"https:\/\/www.au-donau.at\/heimathaus\/wp-json\/wp\/v2\/posts\/966","targetHints":{"allow":["GET"]}}],"collection":[{"href":"https:\/\/www.au-donau.at\/heimathaus\/wp-json\/wp\/v2\/posts"}],"about":[{"href":"https:\/\/www.au-donau.at\/heimathaus\/wp-json\/wp\/v2\/types\/post"}],"author":[{"embeddable":true,"href":"https:\/\/www.au-donau.at\/heimathaus\/wp-json\/wp\/v2\/users\/1"}],"replies":[{"embeddable":true,"href":"https:\/\/www.au-donau.at\/heimathaus\/wp-json\/wp\/v2\/comments?post=966"}],"version-history":[{"count":1,"href":"https:\/\/www.au-donau.at\/heimathaus\/wp-json\/wp\/v2\/posts\/966\/revisions"}],"predecessor-version":[{"id":967,"href":"https:\/\/www.au-donau.at\/heimathaus\/wp-json\/wp\/v2\/posts\/966\/revisions\/967"}],"wp:attachment":[{"href":"https:\/\/www.au-donau.at\/heimathaus\/wp-json\/wp\/v2\/media?parent=966"}],"wp:term":[{"taxonomy":"category","embeddable":true,"href":"https:\/\/www.au-donau.at\/heimathaus\/wp-json\/wp\/v2\/categories?post=966"},{"taxonomy":"post_tag","embeddable":true,"href":"https:\/\/www.au-donau.at\/heimathaus\/wp-json\/wp\/v2\/tags?post=966"}],"curies":[{"name":"wp","href":"https:\/\/api.w.org\/{rel}","templated":true}]}}