{"id":964,"date":"2018-06-30T19:19:24","date_gmt":"2018-06-30T17:19:24","guid":{"rendered":"https:\/\/www.au-donau.at\/heimathaus2023\/?p=964"},"modified":"2023-04-11T19:50:08","modified_gmt":"2023-04-11T17:50:08","slug":"steckerlfischessen-2","status":"publish","type":"post","link":"https:\/\/www.au-donau.at\/heimathaus\/steckerlfischessen-2\/","title":{"rendered":"Steckerlfischessen"},"content":{"rendered":"<p style=\"text-align: center;\">Bei idealem Veranstaltungswetter fand am Samstag 30. Juni das traditionelle<br \/>\nSteckerlfischessen beim Heimathaus statt.<br \/>\nDie Besucher lie\u00dfen sich die k\u00f6stlichen Steckerlfische, zubereitet von den<br \/>\nFeuerwehrkameraden aus Au\/D. , schmecken.<br \/>\nF\u00fcr Kaffee, Kuchen und Getr\u00e4nke sorgte das Team des Kulturvereines FORUM NAARN.<br \/>\n<strong>Alleinunterhalter Hermann Raab sorgte f\u00fcr beste Stimmung.<br \/>\n<\/strong>Ein sehr harmonischer und vergn\u00fcglicher Sp\u00e4tnachmittag mit zufriedenen G\u00e4sten<br \/>\nfand am fr\u00fchen Abend sein Ende.<\/p>\n","protected":false},"excerpt":{"rendered":"<p>Bei idealem Veranstaltungswetter fand am Samstag 30. Juni das traditionelle Steckerlfischessen beim Heimathaus statt. Die Besucher lie\u00dfen sich die k\u00f6stlichen Steckerlfische, zubereitet von den Feuerwehrkameraden aus Au\/D. , schmecken. F\u00fcr Kaffee, Kuchen und Getr\u00e4nke sorgte das Team des Kulturvereines FORUM NAARN. Alleinunterhalter Hermann Raab sorgte f\u00fcr beste Stimmung. Ein sehr harmonischer und vergn\u00fcglicher Sp\u00e4tnachmittag mit [&hellip;]<\/p>\n","protected":false},"author":1,"featured_media":0,"comment_status":"closed","ping_status":"closed","sticky":false,"template":"","format":"standard","meta":{"footnotes":""},"categories":[13],"tags":[],"class_list":["post-964","post","type-post","status-publish","format-standard","hentry","category-rueckblicke"],"_links":{"self":[{"href":"https:\/\/www.au-donau.at\/heimathaus\/wp-json\/wp\/v2\/posts\/964","targetHints":{"allow":["GET"]}}],"collection":[{"href":"https:\/\/www.au-donau.at\/heimathaus\/wp-json\/wp\/v2\/posts"}],"about":[{"href":"https:\/\/www.au-donau.at\/heimathaus\/wp-json\/wp\/v2\/types\/post"}],"author":[{"embeddable":true,"href":"https:\/\/www.au-donau.at\/heimathaus\/wp-json\/wp\/v2\/users\/1"}],"replies":[{"embeddable":true,"href":"https:\/\/www.au-donau.at\/heimathaus\/wp-json\/wp\/v2\/comments?post=964"}],"version-history":[{"count":1,"href":"https:\/\/www.au-donau.at\/heimathaus\/wp-json\/wp\/v2\/posts\/964\/revisions"}],"predecessor-version":[{"id":965,"href":"https:\/\/www.au-donau.at\/heimathaus\/wp-json\/wp\/v2\/posts\/964\/revisions\/965"}],"wp:attachment":[{"href":"https:\/\/www.au-donau.at\/heimathaus\/wp-json\/wp\/v2\/media?parent=964"}],"wp:term":[{"taxonomy":"category","embeddable":true,"href":"https:\/\/www.au-donau.at\/heimathaus\/wp-json\/wp\/v2\/categories?post=964"},{"taxonomy":"post_tag","embeddable":true,"href":"https:\/\/www.au-donau.at\/heimathaus\/wp-json\/wp\/v2\/tags?post=964"}],"curies":[{"name":"wp","href":"https:\/\/api.w.org\/{rel}","templated":true}]}}