{"id":957,"date":"2018-09-20T19:15:43","date_gmt":"2018-09-20T17:15:43","guid":{"rendered":"https:\/\/www.au-donau.at\/heimathaus2023\/?p=957"},"modified":"2023-04-11T19:35:54","modified_gmt":"2023-04-11T17:35:54","slug":"besuch-wandergruppe-pv-allerheiligen","status":"publish","type":"post","link":"https:\/\/www.au-donau.at\/heimathaus\/besuch-wandergruppe-pv-allerheiligen\/","title":{"rendered":"Besuch Wandergruppe PV Allerheiligen"},"content":{"rendered":"<p style=\"text-align: center;\"><strong>\u00a0<\/strong>34 Teilnehmer einer\u00a0<strong>Wandergruppe des Pensionistenverbandes<br \/>\n<\/strong><strong>Allerheiligen\u00a0<\/strong>besuchten am\u00a0<strong>20.9.2018<\/strong>\u00a0das Heimathaus.<\/p>\n<p style=\"text-align: center;\">Nach einer kurzen Begr\u00fc\u00dfung durch Obmann Max Mairhofer f\u00fchrte<br \/>\nGrete Lambauer durch das Heimathaus, bzw. wurde im Stadel der Film<br \/>\n\u00fcber die Holzschwemme auf der Aist und die Donaufl\u00f6\u00dferei gezeigt.<br \/>\nDie G\u00e4ste waren sehr angetan von den interessanten Ausf\u00fchrungen.<br \/>\nObmann Rupert Weiss bedankte sich f\u00fcr die Gastfreundschaft.<\/p>\n<p style=\"text-align: center;\">Im Anschluss an den Heimathausbesuch f\u00fchrte Max Mairhofer die<br \/>\nWanderer zu einigen Stationen am Aulehrpfad.<br \/>\nDer wundersch\u00f6ne Sp\u00e4tsommertag wurde im Gasthaus Walterer bei<br \/>\neinem gem\u00fctlichen Beisammensein abgeschlossen.<\/p>\n<p style=\"text-align: center;\">\n","protected":false},"excerpt":{"rendered":"<p>\u00a034 Teilnehmer einer\u00a0Wandergruppe des Pensionistenverbandes Allerheiligen\u00a0besuchten am\u00a020.9.2018\u00a0das Heimathaus. Nach einer kurzen Begr\u00fc\u00dfung durch Obmann Max Mairhofer f\u00fchrte Grete Lambauer durch das Heimathaus, bzw. wurde im Stadel der Film \u00fcber die Holzschwemme auf der Aist und die Donaufl\u00f6\u00dferei gezeigt. Die G\u00e4ste waren sehr angetan von den interessanten Ausf\u00fchrungen. Obmann Rupert Weiss bedankte sich f\u00fcr die Gastfreundschaft. [&hellip;]<\/p>\n","protected":false},"author":1,"featured_media":0,"comment_status":"closed","ping_status":"closed","sticky":false,"template":"","format":"standard","meta":{"footnotes":""},"categories":[13],"tags":[],"class_list":["post-957","post","type-post","status-publish","format-standard","hentry","category-rueckblicke"],"_links":{"self":[{"href":"https:\/\/www.au-donau.at\/heimathaus\/wp-json\/wp\/v2\/posts\/957","targetHints":{"allow":["GET"]}}],"collection":[{"href":"https:\/\/www.au-donau.at\/heimathaus\/wp-json\/wp\/v2\/posts"}],"about":[{"href":"https:\/\/www.au-donau.at\/heimathaus\/wp-json\/wp\/v2\/types\/post"}],"author":[{"embeddable":true,"href":"https:\/\/www.au-donau.at\/heimathaus\/wp-json\/wp\/v2\/users\/1"}],"replies":[{"embeddable":true,"href":"https:\/\/www.au-donau.at\/heimathaus\/wp-json\/wp\/v2\/comments?post=957"}],"version-history":[{"count":2,"href":"https:\/\/www.au-donau.at\/heimathaus\/wp-json\/wp\/v2\/posts\/957\/revisions"}],"predecessor-version":[{"id":959,"href":"https:\/\/www.au-donau.at\/heimathaus\/wp-json\/wp\/v2\/posts\/957\/revisions\/959"}],"wp:attachment":[{"href":"https:\/\/www.au-donau.at\/heimathaus\/wp-json\/wp\/v2\/media?parent=957"}],"wp:term":[{"taxonomy":"category","embeddable":true,"href":"https:\/\/www.au-donau.at\/heimathaus\/wp-json\/wp\/v2\/categories?post=957"},{"taxonomy":"post_tag","embeddable":true,"href":"https:\/\/www.au-donau.at\/heimathaus\/wp-json\/wp\/v2\/tags?post=957"}],"curies":[{"name":"wp","href":"https:\/\/api.w.org\/{rel}","templated":true}]}}