{"id":955,"date":"2019-10-18T19:10:02","date_gmt":"2019-10-18T17:10:02","guid":{"rendered":"https:\/\/www.au-donau.at\/heimathaus2023\/?p=955"},"modified":"2023-04-11T19:11:25","modified_gmt":"2023-04-11T17:11:25","slug":"50-jahre-naarner-zeitgeschichte","status":"publish","type":"post","link":"https:\/\/www.au-donau.at\/heimathaus\/50-jahre-naarner-zeitgeschichte\/","title":{"rendered":"50 Jahre Naarner Zeitgeschichte"},"content":{"rendered":"<p style=\"text-align: center;\">Gemeinsam mit der Liedertafel Naarn veranstaltete der Kulturverein FORUM NAARN diesen Vortragsabend. Ca. 220 \u00e4u\u00dferst interessierte Besucher waren am 18.10. 2019 zu dieser Veranstaltung in das Gasthaus Walterer gekommen.<br \/>\nNach Begr\u00fc\u00dfungsworten von Kulturvereinsobmann Max Mairhofer und Liedertafelobmann Johann Derntl, gab die Liedertafel Ihre ersten Lieder zum Besten.<br \/>\nEhrenb\u00fcrger Edmund Traxler, der dem Kulturverein die Filmdokumente zur Verf\u00fcgung stellte, berichtete in seinen lehrreichen und einf\u00fchlsamen Worten, \u00fcber die kulturelle Entwicklung der Gemeinde Naarn in den letzten Jahrzehnten.<br \/>\nHermann Lambauer jun., der den technischen Feinschliff zu dieser Filmvorf\u00fchrung geleistet hat, startete dann mit der 70 Minuten dauernden Filmvorf\u00fchrung. Nach 35 Minuten gab es eine Pause.<br \/>\nNach dem die Liedertafel Ihren musikalischen Part ausgef\u00fchrt hatte, bedankte sich der Kulturausschussobmann der Gemeinde Naarn, Herr Vbgm. Franz Bauer, f\u00fcr die Initiative zu dieser Veranstaltung.<br \/>\nObmann\u00a0 Max Mairhofer, dankte am Schluss allen Besuchern f\u00fcr Ihr Kommen.<br \/>\nSein besonderer Dank galt Herrn Edmund Traxler und Hermann Lambauer jun. f\u00fcr die gelungene Gestaltung dieses Vortrages mit Originalton von Hrn. \u00d6sterle, sowie dazu passender Hintergrundmusik.<\/p>\n<p style=\"text-align: center;\">Da Interesse an einer CD besteht, wird dies intern noch abgekl\u00e4rt. Details werden in der n\u00e4chsten B\u00fcrgerinfo der Gemeinde im November bekanntgegeben.<\/p>\n","protected":false},"excerpt":{"rendered":"<p>Gemeinsam mit der Liedertafel Naarn veranstaltete der Kulturverein FORUM NAARN diesen Vortragsabend. Ca. 220 \u00e4u\u00dferst interessierte Besucher waren am 18.10. 2019 zu dieser Veranstaltung in das Gasthaus Walterer gekommen. Nach Begr\u00fc\u00dfungsworten von Kulturvereinsobmann Max Mairhofer und Liedertafelobmann Johann Derntl, gab die Liedertafel Ihre ersten Lieder zum Besten. Ehrenb\u00fcrger Edmund Traxler, der dem Kulturverein die Filmdokumente [&hellip;]<\/p>\n","protected":false},"author":1,"featured_media":0,"comment_status":"closed","ping_status":"closed","sticky":false,"template":"","format":"standard","meta":{"footnotes":""},"categories":[13],"tags":[],"class_list":["post-955","post","type-post","status-publish","format-standard","hentry","category-rueckblicke"],"_links":{"self":[{"href":"https:\/\/www.au-donau.at\/heimathaus\/wp-json\/wp\/v2\/posts\/955","targetHints":{"allow":["GET"]}}],"collection":[{"href":"https:\/\/www.au-donau.at\/heimathaus\/wp-json\/wp\/v2\/posts"}],"about":[{"href":"https:\/\/www.au-donau.at\/heimathaus\/wp-json\/wp\/v2\/types\/post"}],"author":[{"embeddable":true,"href":"https:\/\/www.au-donau.at\/heimathaus\/wp-json\/wp\/v2\/users\/1"}],"replies":[{"embeddable":true,"href":"https:\/\/www.au-donau.at\/heimathaus\/wp-json\/wp\/v2\/comments?post=955"}],"version-history":[{"count":1,"href":"https:\/\/www.au-donau.at\/heimathaus\/wp-json\/wp\/v2\/posts\/955\/revisions"}],"predecessor-version":[{"id":956,"href":"https:\/\/www.au-donau.at\/heimathaus\/wp-json\/wp\/v2\/posts\/955\/revisions\/956"}],"wp:attachment":[{"href":"https:\/\/www.au-donau.at\/heimathaus\/wp-json\/wp\/v2\/media?parent=955"}],"wp:term":[{"taxonomy":"category","embeddable":true,"href":"https:\/\/www.au-donau.at\/heimathaus\/wp-json\/wp\/v2\/categories?post=955"},{"taxonomy":"post_tag","embeddable":true,"href":"https:\/\/www.au-donau.at\/heimathaus\/wp-json\/wp\/v2\/tags?post=955"}],"curies":[{"name":"wp","href":"https:\/\/api.w.org\/{rel}","templated":true}]}}