{"id":943,"date":"2020-09-23T18:59:43","date_gmt":"2020-09-23T16:59:43","guid":{"rendered":"https:\/\/www.au-donau.at\/heimathaus2023\/?p=943"},"modified":"2023-04-11T19:02:42","modified_gmt":"2023-04-11T17:02:42","slug":"besuch-vs-naarn-4a-4b-4c","status":"publish","type":"post","link":"https:\/\/www.au-donau.at\/heimathaus\/besuch-vs-naarn-4a-4b-4c\/","title":{"rendered":"Besuch VS Naarn, 4A, 4B, 4C"},"content":{"rendered":"<p class=\"wp-block-preformatted\" style=\"text-align: center;\">In Begleitung Ihrer Klassenlehrer \u2013 Frau Furtlehner 4A, Frau Falkner 4B und Herr Weinberger 4C besuchten insgesamt 50 Sch\u00fcler das Naarner Heimathaus.<\/p>\n<p class=\"wp-block-preformatted\" style=\"text-align: center;\">Nach kurzer Begr\u00fc\u00dfung durch den Obmann des Kulturvereines FORUM NAARN, Herrn Maximilian Mairhofer, wurden die Klassen getrennt \u00a0durch die Objekte gef\u00fchrt. Frau Lambauer informierte im Heimathaus, Herr Lambauer im Werkzeugstadel und Herr Mairhofer f\u00fchrte den \u00a0interessierten Sch\u00fcler den Heimathausfilm vor.<\/p>\n","protected":false},"excerpt":{"rendered":"<p>In Begleitung Ihrer Klassenlehrer \u2013 Frau Furtlehner 4A, Frau Falkner 4B und Herr Weinberger 4C besuchten insgesamt 50 Sch\u00fcler das Naarner Heimathaus. Nach kurzer Begr\u00fc\u00dfung durch den Obmann des Kulturvereines FORUM NAARN, Herrn Maximilian Mairhofer, wurden die Klassen getrennt \u00a0durch die Objekte gef\u00fchrt. Frau Lambauer informierte im Heimathaus, Herr Lambauer im Werkzeugstadel und Herr Mairhofer [&hellip;]<\/p>\n","protected":false},"author":1,"featured_media":0,"comment_status":"closed","ping_status":"closed","sticky":false,"template":"","format":"standard","meta":{"footnotes":""},"categories":[13],"tags":[],"class_list":["post-943","post","type-post","status-publish","format-standard","hentry","category-rueckblicke"],"_links":{"self":[{"href":"https:\/\/www.au-donau.at\/heimathaus\/wp-json\/wp\/v2\/posts\/943","targetHints":{"allow":["GET"]}}],"collection":[{"href":"https:\/\/www.au-donau.at\/heimathaus\/wp-json\/wp\/v2\/posts"}],"about":[{"href":"https:\/\/www.au-donau.at\/heimathaus\/wp-json\/wp\/v2\/types\/post"}],"author":[{"embeddable":true,"href":"https:\/\/www.au-donau.at\/heimathaus\/wp-json\/wp\/v2\/users\/1"}],"replies":[{"embeddable":true,"href":"https:\/\/www.au-donau.at\/heimathaus\/wp-json\/wp\/v2\/comments?post=943"}],"version-history":[{"count":2,"href":"https:\/\/www.au-donau.at\/heimathaus\/wp-json\/wp\/v2\/posts\/943\/revisions"}],"predecessor-version":[{"id":1556,"href":"https:\/\/www.au-donau.at\/heimathaus\/wp-json\/wp\/v2\/posts\/943\/revisions\/1556"}],"wp:attachment":[{"href":"https:\/\/www.au-donau.at\/heimathaus\/wp-json\/wp\/v2\/media?parent=943"}],"wp:term":[{"taxonomy":"category","embeddable":true,"href":"https:\/\/www.au-donau.at\/heimathaus\/wp-json\/wp\/v2\/categories?post=943"},{"taxonomy":"post_tag","embeddable":true,"href":"https:\/\/www.au-donau.at\/heimathaus\/wp-json\/wp\/v2\/tags?post=943"}],"curies":[{"name":"wp","href":"https:\/\/api.w.org\/{rel}","templated":true}]}}