{"id":857,"date":"2021-07-20T07:26:18","date_gmt":"2021-07-20T05:26:18","guid":{"rendered":"https:\/\/www.au-donau.at\/heimathaus2023\/?p=857"},"modified":"2023-05-18T08:20:45","modified_gmt":"2023-05-18T06:20:45","slug":"volksmusikaben-2021","status":"publish","type":"post","link":"https:\/\/www.au-donau.at\/heimathaus\/volksmusikaben-2021\/","title":{"rendered":"Volksmusikabend 2021"},"content":{"rendered":"\t\t<div data-elementor-type=\"wp-post\" data-elementor-id=\"857\" class=\"elementor elementor-857\" data-elementor-post-type=\"post\">\n\t\t\t\t\t\t<section class=\"elementor-section elementor-top-section elementor-element elementor-element-13acf950 elementor-section-boxed elementor-section-height-default elementor-section-height-default\" data-id=\"13acf950\" data-element_type=\"section\" data-e-type=\"section\">\n\t\t\t\t\t\t<div class=\"elementor-container elementor-column-gap-default\">\n\t\t\t\t\t<div class=\"elementor-column elementor-col-100 elementor-top-column elementor-element elementor-element-4325b664\" data-id=\"4325b664\" data-element_type=\"column\" data-e-type=\"column\">\n\t\t\t<div class=\"elementor-widget-wrap elementor-element-populated\">\n\t\t\t\t\t\t<div class=\"elementor-element elementor-element-343bb1ba elementor-widget elementor-widget-text-editor\" data-id=\"343bb1ba\" data-element_type=\"widget\" data-e-type=\"widget\" data-widget_type=\"text-editor.default\">\n\t\t\t\t<div class=\"elementor-widget-container\">\n\t\t\t\t\t\t\t\t\t<p class=\"wp-block-preformatted\" style=\"text-align: center;\">Nach einem Jahr coronabedingter Pause, gab es im Heimathaus wieder eine Veranstaltung. Leichter Regen vor Veranstaltungsbeginn, sowie die Einhaltung der 3-G-Regel, \u00a0hielten viele vom Besuch des Volksmusikabends ab. Die Musikinteressierten G\u00e4ste, kamen aber bei angenehmen Witterungsverh\u00e4ltnissen voll auf Ihre Rechnung. Ein Ensemble des <strong>Musikvereines Naarn, Martin K\u00fchhas,<\/strong> die <strong>Liedertafel Naarn<\/strong>, sowie die <strong>M\u00fchl4ler Tanzlmusi<\/strong> gaben Ihr Bestes.<\/p>\n<p class=\"wp-block-preformatted\" style=\"text-align: center;\">Das Team des Kulturvereines FORUM NAARN, sorgte in bew\u00e4hrter Weise f\u00fcr das leibliche Wohlergehen. Ein sehr sch\u00f6ner musikalischer Abend. Alle Akteure und Besucher gingen zufrieden nach Hause.<\/p>\t\t\t\t\t\t\t\t<\/div>\n\t\t\t\t<\/div>\n\t\t\t\t\t<\/div>\n\t\t<\/div>\n\t\t\t\t\t<\/div>\n\t\t<\/section>\n\t\t<div class=\"elementor-element elementor-element-090b407 e-flex e-con-boxed e-con e-parent\" data-id=\"090b407\" data-element_type=\"container\" data-e-type=\"container\">\n\t\t\t\t\t<div class=\"e-con-inner\">\n\t\t\t\t<div class=\"elementor-element elementor-element-38f30a5 elementor-widget elementor-widget-gallery\" data-id=\"38f30a5\" data-element_type=\"widget\" data-e-type=\"widget\" data-settings=\"{&quot;columns&quot;:3,&quot;lazyload&quot;:&quot;yes&quot;,&quot;gallery_layout&quot;:&quot;grid&quot;,&quot;columns_tablet&quot;:2,&quot;columns_mobile&quot;:1,&quot;gap&quot;:{&quot;unit&quot;:&quot;px&quot;,&quot;size&quot;:10,&quot;sizes&quot;:[]},&quot;gap_tablet&quot;:{&quot;unit&quot;:&quot;px&quot;,&quot;size&quot;:10,&quot;sizes&quot;:[]},&quot;gap_mobile&quot;:{&quot;unit&quot;:&quot;px&quot;,&quot;size&quot;:10,&quot;sizes&quot;:[]},&quot;link_to&quot;:&quot;file&quot;,&quot;aspect_ratio&quot;:&quot;3:2&quot;,&quot;overlay_background&quot;:&quot;yes&quot;,&quot;content_hover_animation&quot;:&quot;fade-in&quot;}\" data-widget_type=\"gallery.default\">\n\t\t\t\t<div class=\"elementor-widget-container\">\n\t\t\t\t\t\t\t<div class=\"elementor-gallery__container\">\n\t\t\t\t\t\t\t<a class=\"e-gallery-item elementor-gallery-item elementor-animated-content\" href=\"https:\/\/www.au-donau.at\/heimathaus\/wp-content\/uploads\/2023\/04\/a-1-scaled.jpg\" data-elementor-open-lightbox=\"yes\" data-elementor-lightbox-slideshow=\"38f30a5\" data-elementor-lightbox-title=\"Volksmusikabend\" data-e-action-hash=\"#elementor-action%3Aaction%3Dlightbox%26settings%3DeyJpZCI6ODU4LCJ1cmwiOiJodHRwczpcL1wvd3d3LmF1LWRvbmF1LmF0XC9oZWltYXRoYXVzXC93cC1jb250ZW50XC91cGxvYWRzXC8yMDIzXC8wNFwvYS0xLXNjYWxlZC5qcGciLCJzbGlkZXNob3ciOiIzOGYzMGE1In0%3D\">\n\t\t\t\t\t<div class=\"e-gallery-image elementor-gallery-item__image\" data-thumbnail=\"https:\/\/www.au-donau.at\/heimathaus\/wp-content\/uploads\/2023\/04\/a-1-300x225.jpg\" data-width=\"300\" data-height=\"225\" aria-label=\"\" role=\"img\" ><\/div>\n\t\t\t\t\t\t\t\t\t\t\t<div class=\"elementor-gallery-item__overlay\"><\/div>\n\t\t\t\t\t\t\t\t\t\t\t\t\t\t<\/a>\n\t\t\t\t\t\t\t<a class=\"e-gallery-item elementor-gallery-item elementor-animated-content\" href=\"https:\/\/www.au-donau.at\/heimathaus\/wp-content\/uploads\/2023\/04\/b-1-scaled.jpg\" data-elementor-open-lightbox=\"yes\" data-elementor-lightbox-slideshow=\"38f30a5\" data-elementor-lightbox-title=\"b\" data-e-action-hash=\"#elementor-action%3Aaction%3Dlightbox%26settings%3DeyJpZCI6ODU5LCJ1cmwiOiJodHRwczpcL1wvd3d3LmF1LWRvbmF1LmF0XC9oZWltYXRoYXVzXC93cC1jb250ZW50XC91cGxvYWRzXC8yMDIzXC8wNFwvYi0xLXNjYWxlZC5qcGciLCJzbGlkZXNob3ciOiIzOGYzMGE1In0%3D\">\n\t\t\t\t\t<div class=\"e-gallery-image elementor-gallery-item__image\" data-thumbnail=\"https:\/\/www.au-donau.at\/heimathaus\/wp-content\/uploads\/2023\/04\/b-1-300x225.jpg\" data-width=\"300\" data-height=\"225\" aria-label=\"\" role=\"img\" ><\/div>\n\t\t\t\t\t\t\t\t\t\t\t<div class=\"elementor-gallery-item__overlay\"><\/div>\n\t\t\t\t\t\t\t\t\t\t\t\t\t\t<\/a>\n\t\t\t\t\t\t\t<a class=\"e-gallery-item elementor-gallery-item elementor-animated-content\" href=\"https:\/\/www.au-donau.at\/heimathaus\/wp-content\/uploads\/2023\/04\/c-1-scaled.jpg\" data-elementor-open-lightbox=\"yes\" data-elementor-lightbox-slideshow=\"38f30a5\" data-elementor-lightbox-title=\"c\" data-e-action-hash=\"#elementor-action%3Aaction%3Dlightbox%26settings%3DeyJpZCI6ODYwLCJ1cmwiOiJodHRwczpcL1wvd3d3LmF1LWRvbmF1LmF0XC9oZWltYXRoYXVzXC93cC1jb250ZW50XC91cGxvYWRzXC8yMDIzXC8wNFwvYy0xLXNjYWxlZC5qcGciLCJzbGlkZXNob3ciOiIzOGYzMGE1In0%3D\">\n\t\t\t\t\t<div class=\"e-gallery-image elementor-gallery-item__image\" data-thumbnail=\"https:\/\/www.au-donau.at\/heimathaus\/wp-content\/uploads\/2023\/04\/c-1-225x300.jpg\" data-width=\"225\" data-height=\"300\" aria-label=\"\" role=\"img\" ><\/div>\n\t\t\t\t\t\t\t\t\t\t\t<div class=\"elementor-gallery-item__overlay\"><\/div>\n\t\t\t\t\t\t\t\t\t\t\t\t\t\t<\/a>\n\t\t\t\t\t\t\t<a class=\"e-gallery-item elementor-gallery-item elementor-animated-content\" href=\"https:\/\/www.au-donau.at\/heimathaus\/wp-content\/uploads\/2023\/04\/d-1-scaled.jpg\" data-elementor-open-lightbox=\"yes\" data-elementor-lightbox-slideshow=\"38f30a5\" data-elementor-lightbox-title=\"d\" data-e-action-hash=\"#elementor-action%3Aaction%3Dlightbox%26settings%3DeyJpZCI6ODYxLCJ1cmwiOiJodHRwczpcL1wvd3d3LmF1LWRvbmF1LmF0XC9oZWltYXRoYXVzXC93cC1jb250ZW50XC91cGxvYWRzXC8yMDIzXC8wNFwvZC0xLXNjYWxlZC5qcGciLCJzbGlkZXNob3ciOiIzOGYzMGE1In0%3D\">\n\t\t\t\t\t<div class=\"e-gallery-image elementor-gallery-item__image\" data-thumbnail=\"https:\/\/www.au-donau.at\/heimathaus\/wp-content\/uploads\/2023\/04\/d-1-300x225.jpg\" data-width=\"300\" data-height=\"225\" aria-label=\"\" role=\"img\" ><\/div>\n\t\t\t\t\t\t\t\t\t\t\t<div class=\"elementor-gallery-item__overlay\"><\/div>\n\t\t\t\t\t\t\t\t\t\t\t\t\t\t<\/a>\n\t\t\t\t\t\t\t<a class=\"e-gallery-item elementor-gallery-item elementor-animated-content\" href=\"https:\/\/www.au-donau.at\/heimathaus\/wp-content\/uploads\/2023\/04\/e-1-scaled.jpg\" data-elementor-open-lightbox=\"yes\" data-elementor-lightbox-slideshow=\"38f30a5\" data-elementor-lightbox-title=\"e\" data-e-action-hash=\"#elementor-action%3Aaction%3Dlightbox%26settings%3DeyJpZCI6ODYyLCJ1cmwiOiJodHRwczpcL1wvd3d3LmF1LWRvbmF1LmF0XC9oZWltYXRoYXVzXC93cC1jb250ZW50XC91cGxvYWRzXC8yMDIzXC8wNFwvZS0xLXNjYWxlZC5qcGciLCJzbGlkZXNob3ciOiIzOGYzMGE1In0%3D\">\n\t\t\t\t\t<div class=\"e-gallery-image elementor-gallery-item__image\" data-thumbnail=\"https:\/\/www.au-donau.at\/heimathaus\/wp-content\/uploads\/2023\/04\/e-1-300x225.jpg\" data-width=\"300\" data-height=\"225\" aria-label=\"\" role=\"img\" ><\/div>\n\t\t\t\t\t\t\t\t\t\t\t<div class=\"elementor-gallery-item__overlay\"><\/div>\n\t\t\t\t\t\t\t\t\t\t\t\t\t\t<\/a>\n\t\t\t\t\t\t\t<a class=\"e-gallery-item elementor-gallery-item elementor-animated-content\" href=\"https:\/\/www.au-donau.at\/heimathaus\/wp-content\/uploads\/2023\/04\/f-1-scaled.jpg\" data-elementor-open-lightbox=\"yes\" data-elementor-lightbox-slideshow=\"38f30a5\" data-elementor-lightbox-title=\"f\" data-e-action-hash=\"#elementor-action%3Aaction%3Dlightbox%26settings%3DeyJpZCI6ODYzLCJ1cmwiOiJodHRwczpcL1wvd3d3LmF1LWRvbmF1LmF0XC9oZWltYXRoYXVzXC93cC1jb250ZW50XC91cGxvYWRzXC8yMDIzXC8wNFwvZi0xLXNjYWxlZC5qcGciLCJzbGlkZXNob3ciOiIzOGYzMGE1In0%3D\">\n\t\t\t\t\t<div class=\"e-gallery-image elementor-gallery-item__image\" data-thumbnail=\"https:\/\/www.au-donau.at\/heimathaus\/wp-content\/uploads\/2023\/04\/f-1-300x225.jpg\" data-width=\"300\" data-height=\"225\" aria-label=\"\" role=\"img\" ><\/div>\n\t\t\t\t\t\t\t\t\t\t\t<div class=\"elementor-gallery-item__overlay\"><\/div>\n\t\t\t\t\t\t\t\t\t\t\t\t\t\t<\/a>\n\t\t\t\t\t<\/div>\n\t\t\t\t\t<\/div>\n\t\t\t\t<\/div>\n\t\t\t\t\t<\/div>\n\t\t\t\t<\/div>\n\t\t\t\t<\/div>\n\t\t","protected":false},"excerpt":{"rendered":"<p>Nach einem Jahr coronabedingter Pause, gab es im Heimathaus wieder eine Veranstaltung. Leichter Regen vor Veranstaltungsbeginn, sowie die Einhaltung der 3-G-Regel, \u00a0hielten viele vom Besuch des Volksmusikabends ab. Die Musikinteressierten G\u00e4ste, kamen aber bei angenehmen Witterungsverh\u00e4ltnissen voll auf Ihre Rechnung. Ein Ensemble des Musikvereines Naarn, Martin K\u00fchhas, die Liedertafel Naarn, sowie die M\u00fchl4ler Tanzlmusi gaben [&hellip;]<\/p>\n","protected":false},"author":1,"featured_media":0,"comment_status":"closed","ping_status":"closed","sticky":false,"template":"","format":"standard","meta":{"footnotes":""},"categories":[13],"tags":[],"class_list":["post-857","post","type-post","status-publish","format-standard","hentry","category-rueckblicke"],"_links":{"self":[{"href":"https:\/\/www.au-donau.at\/heimathaus\/wp-json\/wp\/v2\/posts\/857","targetHints":{"allow":["GET"]}}],"collection":[{"href":"https:\/\/www.au-donau.at\/heimathaus\/wp-json\/wp\/v2\/posts"}],"about":[{"href":"https:\/\/www.au-donau.at\/heimathaus\/wp-json\/wp\/v2\/types\/post"}],"author":[{"embeddable":true,"href":"https:\/\/www.au-donau.at\/heimathaus\/wp-json\/wp\/v2\/users\/1"}],"replies":[{"embeddable":true,"href":"https:\/\/www.au-donau.at\/heimathaus\/wp-json\/wp\/v2\/comments?post=857"}],"version-history":[{"count":4,"href":"https:\/\/www.au-donau.at\/heimathaus\/wp-json\/wp\/v2\/posts\/857\/revisions"}],"predecessor-version":[{"id":1522,"href":"https:\/\/www.au-donau.at\/heimathaus\/wp-json\/wp\/v2\/posts\/857\/revisions\/1522"}],"wp:attachment":[{"href":"https:\/\/www.au-donau.at\/heimathaus\/wp-json\/wp\/v2\/media?parent=857"}],"wp:term":[{"taxonomy":"category","embeddable":true,"href":"https:\/\/www.au-donau.at\/heimathaus\/wp-json\/wp\/v2\/categories?post=857"},{"taxonomy":"post_tag","embeddable":true,"href":"https:\/\/www.au-donau.at\/heimathaus\/wp-json\/wp\/v2\/tags?post=857"}],"curies":[{"name":"wp","href":"https:\/\/api.w.org\/{rel}","templated":true}]}}