{"id":2803,"date":"2025-10-18T14:15:41","date_gmt":"2025-10-18T12:15:41","guid":{"rendered":"https:\/\/www.au-donau.at\/heimathaus\/?p=2803"},"modified":"2025-10-18T14:20:44","modified_gmt":"2025-10-18T12:20:44","slug":"bericht-zur-jahreshauptversammlung-2025","status":"publish","type":"post","link":"https:\/\/www.au-donau.at\/heimathaus\/bericht-zur-jahreshauptversammlung-2025\/","title":{"rendered":"Bericht zur Jahreshauptversammlung 2025"},"content":{"rendered":"\t\t<div data-elementor-type=\"wp-post\" data-elementor-id=\"2803\" class=\"elementor elementor-2803\" data-elementor-post-type=\"post\">\n\t\t\t\t<div class=\"elementor-element elementor-element-cf7a004 e-flex e-con-boxed e-con e-parent\" data-id=\"cf7a004\" data-element_type=\"container\" data-e-type=\"container\">\n\t\t\t\t\t<div class=\"e-con-inner\">\n\t\t\t\t<div class=\"elementor-element elementor-element-5faa896 elementor-widget elementor-widget-text-editor\" data-id=\"5faa896\" data-element_type=\"widget\" data-e-type=\"widget\" data-widget_type=\"text-editor.default\">\n\t\t\t\t<div class=\"elementor-widget-container\">\n\t\t\t\t\t\t\t\t\t<p style=\"text-align: center;\"><span style=\"font-family: Times New Roman, serif;\"><b>Naarn.<\/b><\/span><span style=\"font-family: Times New Roman, serif;\"> Im Rahmen der Jahreshauptversammlung des Kulturvereins <\/span><span style=\"font-family: Times New Roman, serif;\"><i>Forum Naarn<\/i><\/span><span style=\"font-family: Times New Roman, serif;\"> wurde der Vorstand sowie der Beirat einstimmig in ihren Funktionen best\u00e4tigt. Dar\u00fcber hinaus nahm man die Versammlung zum Anlass, zwei langj\u00e4hrige Vereinsgr\u00f6\u00dfen besonders zu ehren: Der ehemalige Obmann <\/span><span style=\"font-family: Times New Roman, serif;\"><b>Max Mairhofer<\/b><\/span><span style=\"font-family: Times New Roman, serif;\"> sowie der ehemalige Obmann-Stellvertreter <\/span><span style=\"font-family: Times New Roman, serif;\"><b>Hermann Lambauer<\/b><\/span><span style=\"font-family: Times New Roman, serif;\"> wurden f\u00fcr ihre jahrzehntelange engagierte Arbeit zu <\/span><span style=\"font-family: Times New Roman, serif;\"><b>Ehrenobm\u00e4nnern<\/b><\/span><span style=\"font-family: Times New Roman, serif;\"> ernannt.<\/span><\/p><p style=\"text-align: center;\"><span style=\"font-family: Times New Roman, serif;\">Den unerm\u00fcdlichen Einsatz der beiden w\u00e4re das <\/span><span style=\"font-family: Times New Roman, serif;\"><i>Heimathaus Naarn<\/i><\/span><span style=\"font-family: Times New Roman, serif;\"> in seiner heutigen Form nicht denkbar. Seit der Gr\u00fcndung des Vereins leisteten Mairhofer und Lambauer unz\u00e4hlige freiwillige Arbeitsstunden und pr\u00e4gten den Aufbau und die Weiterentwicklung des Heimathauses ma\u00dfgeblich. Daf\u00fcr bedankte sich Obmann Harald Lambauer im Namen des gesamten Vereines bei den Beiden sehr herzlich.<\/span><\/p><p style=\"text-align: center;\"><span style=\"font-family: Times New Roman, serif;\">Ebenfalls wurde eine Ehrung von Max Mairhofer durch <\/span><span style=\"font-family: Times New Roman, serif;\"><b>Vizeb\u00fcrgermeister Franz Schober<\/b><\/span><span style=\"font-family: Times New Roman, serif;\"> im Namen der Marktgemeinde Naarn vorgenommen. In einem kurzen R\u00fcckblick erinnerte er an die Anf\u00e4nge des Vereins und w\u00fcrdigte die Verdienste des Geehrten: \u201eSein Engagement und die Leidenschaft haben den Grundstein f\u00fcr den heutigen Erfolg des Kultur Forum Naarn gelegt.\u201c<\/span><\/p><p style=\"text-align: center;\"><span style=\"font-family: Times New Roman, serif;\">Mit einem gro\u00dfen Applaus dankten die anwesenden Mitglieder den neuen Ehrenobm\u00e4nnern f\u00fcr ihren langj\u00e4hrigen Einsatz und ihre Verbundenheit zum Verein.<\/span><\/p>\t\t\t\t\t\t\t\t<\/div>\n\t\t\t\t<\/div>\n\t\t\t\t\t<\/div>\n\t\t\t\t<\/div>\n\t\t<div class=\"elementor-element elementor-element-2614feb e-flex e-con-boxed e-con e-parent\" data-id=\"2614feb\" data-element_type=\"container\" data-e-type=\"container\">\n\t\t\t\t\t<div class=\"e-con-inner\">\n\t\t\t\t<div class=\"elementor-element elementor-element-9e3fe1b elementor-widget elementor-widget-gallery\" data-id=\"9e3fe1b\" data-element_type=\"widget\" data-e-type=\"widget\" data-settings=\"{&quot;gallery_layout&quot;:&quot;masonry&quot;,&quot;columns&quot;:2,&quot;lazyload&quot;:&quot;yes&quot;,&quot;columns_tablet&quot;:2,&quot;columns_mobile&quot;:1,&quot;gap&quot;:{&quot;unit&quot;:&quot;px&quot;,&quot;size&quot;:10,&quot;sizes&quot;:[]},&quot;gap_tablet&quot;:{&quot;unit&quot;:&quot;px&quot;,&quot;size&quot;:10,&quot;sizes&quot;:[]},&quot;gap_mobile&quot;:{&quot;unit&quot;:&quot;px&quot;,&quot;size&quot;:10,&quot;sizes&quot;:[]},&quot;link_to&quot;:&quot;file&quot;,&quot;overlay_background&quot;:&quot;yes&quot;,&quot;content_hover_animation&quot;:&quot;fade-in&quot;}\" data-widget_type=\"gallery.default\">\n\t\t\t\t<div class=\"elementor-widget-container\">\n\t\t\t\t\t\t\t<div class=\"elementor-gallery__container\">\n\t\t\t\t\t\t\t<a class=\"e-gallery-item elementor-gallery-item elementor-animated-content\" href=\"https:\/\/www.au-donau.at\/heimathaus\/wp-content\/uploads\/2025\/10\/JHV_2025-5-scaled.jpg\" data-elementor-open-lightbox=\"yes\" data-elementor-lightbox-slideshow=\"9e3fe1b\" data-elementor-lightbox-title=\"JHV_2025 (5)\" data-e-action-hash=\"#elementor-action%3Aaction%3Dlightbox%26settings%3DeyJpZCI6MjgwOSwidXJsIjoiaHR0cHM6XC9cL3d3dy5hdS1kb25hdS5hdFwvaGVpbWF0aGF1c1wvd3AtY29udGVudFwvdXBsb2Fkc1wvMjAyNVwvMTBcL0pIVl8yMDI1LTUtc2NhbGVkLmpwZyIsInNsaWRlc2hvdyI6IjllM2ZlMWIifQ%3D%3D\">\n\t\t\t\t\t<div class=\"e-gallery-image elementor-gallery-item__image\" data-thumbnail=\"https:\/\/www.au-donau.at\/heimathaus\/wp-content\/uploads\/2025\/10\/JHV_2025-5-1024x461.jpg\" data-width=\"800\" data-height=\"360\" aria-label=\"\" role=\"img\" ><\/div>\n\t\t\t\t\t\t\t\t\t\t\t<div class=\"elementor-gallery-item__overlay\"><\/div>\n\t\t\t\t\t\t\t\t\t\t\t\t\t\t<\/a>\n\t\t\t\t\t\t\t<a class=\"e-gallery-item elementor-gallery-item elementor-animated-content\" href=\"https:\/\/www.au-donau.at\/heimathaus\/wp-content\/uploads\/2025\/10\/JHV_2025-2-scaled.jpg\" data-elementor-open-lightbox=\"yes\" data-elementor-lightbox-slideshow=\"9e3fe1b\" data-elementor-lightbox-title=\"JHV_2025 (2)\" data-e-action-hash=\"#elementor-action%3Aaction%3Dlightbox%26settings%3DeyJpZCI6MjgwNiwidXJsIjoiaHR0cHM6XC9cL3d3dy5hdS1kb25hdS5hdFwvaGVpbWF0aGF1c1wvd3AtY29udGVudFwvdXBsb2Fkc1wvMjAyNVwvMTBcL0pIVl8yMDI1LTItc2NhbGVkLmpwZyIsInNsaWRlc2hvdyI6IjllM2ZlMWIifQ%3D%3D\">\n\t\t\t\t\t<div class=\"e-gallery-image elementor-gallery-item__image\" data-thumbnail=\"https:\/\/www.au-donau.at\/heimathaus\/wp-content\/uploads\/2025\/10\/JHV_2025-2-1024x461.jpg\" data-width=\"800\" data-height=\"360\" aria-label=\"\" role=\"img\" ><\/div>\n\t\t\t\t\t\t\t\t\t\t\t<div class=\"elementor-gallery-item__overlay\"><\/div>\n\t\t\t\t\t\t\t\t\t\t\t\t\t\t<\/a>\n\t\t\t\t\t\t\t<a class=\"e-gallery-item elementor-gallery-item elementor-animated-content\" href=\"https:\/\/www.au-donau.at\/heimathaus\/wp-content\/uploads\/2025\/10\/JHV_2025-4-scaled.jpg\" data-elementor-open-lightbox=\"yes\" data-elementor-lightbox-slideshow=\"9e3fe1b\" data-elementor-lightbox-title=\"JHV_2025 (4)\" data-e-action-hash=\"#elementor-action%3Aaction%3Dlightbox%26settings%3DeyJpZCI6MjgwOCwidXJsIjoiaHR0cHM6XC9cL3d3dy5hdS1kb25hdS5hdFwvaGVpbWF0aGF1c1wvd3AtY29udGVudFwvdXBsb2Fkc1wvMjAyNVwvMTBcL0pIVl8yMDI1LTQtc2NhbGVkLmpwZyIsInNsaWRlc2hvdyI6IjllM2ZlMWIifQ%3D%3D\">\n\t\t\t\t\t<div class=\"e-gallery-image elementor-gallery-item__image\" data-thumbnail=\"https:\/\/www.au-donau.at\/heimathaus\/wp-content\/uploads\/2025\/10\/JHV_2025-4-1024x461.jpg\" data-width=\"800\" data-height=\"360\" aria-label=\"\" role=\"img\" ><\/div>\n\t\t\t\t\t\t\t\t\t\t\t<div class=\"elementor-gallery-item__overlay\"><\/div>\n\t\t\t\t\t\t\t\t\t\t\t\t\t\t<\/a>\n\t\t\t\t\t\t\t<a class=\"e-gallery-item elementor-gallery-item elementor-animated-content\" href=\"https:\/\/www.au-donau.at\/heimathaus\/wp-content\/uploads\/2025\/10\/JHV_2025-6-scaled.jpg\" data-elementor-open-lightbox=\"yes\" data-elementor-lightbox-slideshow=\"9e3fe1b\" data-elementor-lightbox-title=\"JHV_2025 (6)\" data-e-action-hash=\"#elementor-action%3Aaction%3Dlightbox%26settings%3DeyJpZCI6MjgxMCwidXJsIjoiaHR0cHM6XC9cL3d3dy5hdS1kb25hdS5hdFwvaGVpbWF0aGF1c1wvd3AtY29udGVudFwvdXBsb2Fkc1wvMjAyNVwvMTBcL0pIVl8yMDI1LTYtc2NhbGVkLmpwZyIsInNsaWRlc2hvdyI6IjllM2ZlMWIifQ%3D%3D\">\n\t\t\t\t\t<div class=\"e-gallery-image elementor-gallery-item__image\" data-thumbnail=\"https:\/\/www.au-donau.at\/heimathaus\/wp-content\/uploads\/2025\/10\/JHV_2025-6-1024x461.jpg\" data-width=\"800\" data-height=\"360\" aria-label=\"\" role=\"img\" ><\/div>\n\t\t\t\t\t\t\t\t\t\t\t<div class=\"elementor-gallery-item__overlay\"><\/div>\n\t\t\t\t\t\t\t\t\t\t\t\t\t\t<\/a>\n\t\t\t\t\t\t\t<a class=\"e-gallery-item elementor-gallery-item elementor-animated-content\" href=\"https:\/\/www.au-donau.at\/heimathaus\/wp-content\/uploads\/2025\/10\/JHV_2025-7-scaled.jpg\" data-elementor-open-lightbox=\"yes\" data-elementor-lightbox-slideshow=\"9e3fe1b\" data-elementor-lightbox-title=\"JHV_2025 (7)\" data-e-action-hash=\"#elementor-action%3Aaction%3Dlightbox%26settings%3DeyJpZCI6MjgxMSwidXJsIjoiaHR0cHM6XC9cL3d3dy5hdS1kb25hdS5hdFwvaGVpbWF0aGF1c1wvd3AtY29udGVudFwvdXBsb2Fkc1wvMjAyNVwvMTBcL0pIVl8yMDI1LTctc2NhbGVkLmpwZyIsInNsaWRlc2hvdyI6IjllM2ZlMWIifQ%3D%3D\">\n\t\t\t\t\t<div class=\"e-gallery-image elementor-gallery-item__image\" data-thumbnail=\"https:\/\/www.au-donau.at\/heimathaus\/wp-content\/uploads\/2025\/10\/JHV_2025-7-1024x461.jpg\" data-width=\"800\" data-height=\"360\" aria-label=\"\" role=\"img\" ><\/div>\n\t\t\t\t\t\t\t\t\t\t\t<div class=\"elementor-gallery-item__overlay\"><\/div>\n\t\t\t\t\t\t\t\t\t\t\t\t\t\t<\/a>\n\t\t\t\t\t\t\t<a class=\"e-gallery-item elementor-gallery-item elementor-animated-content\" href=\"https:\/\/www.au-donau.at\/heimathaus\/wp-content\/uploads\/2025\/10\/JHV_2025-8-scaled.jpg\" data-elementor-open-lightbox=\"yes\" data-elementor-lightbox-slideshow=\"9e3fe1b\" data-elementor-lightbox-title=\"JHV_2025 (8)\" data-e-action-hash=\"#elementor-action%3Aaction%3Dlightbox%26settings%3DeyJpZCI6MjgxMiwidXJsIjoiaHR0cHM6XC9cL3d3dy5hdS1kb25hdS5hdFwvaGVpbWF0aGF1c1wvd3AtY29udGVudFwvdXBsb2Fkc1wvMjAyNVwvMTBcL0pIVl8yMDI1LTgtc2NhbGVkLmpwZyIsInNsaWRlc2hvdyI6IjllM2ZlMWIifQ%3D%3D\">\n\t\t\t\t\t<div class=\"e-gallery-image elementor-gallery-item__image\" data-thumbnail=\"https:\/\/www.au-donau.at\/heimathaus\/wp-content\/uploads\/2025\/10\/JHV_2025-8-1024x461.jpg\" data-width=\"800\" data-height=\"360\" aria-label=\"\" role=\"img\" ><\/div>\n\t\t\t\t\t\t\t\t\t\t\t<div class=\"elementor-gallery-item__overlay\"><\/div>\n\t\t\t\t\t\t\t\t\t\t\t\t\t\t<\/a>\n\t\t\t\t\t\t\t<a class=\"e-gallery-item elementor-gallery-item elementor-animated-content\" href=\"https:\/\/www.au-donau.at\/heimathaus\/wp-content\/uploads\/2025\/10\/JHV_2025-9-scaled.jpg\" data-elementor-open-lightbox=\"yes\" data-elementor-lightbox-slideshow=\"9e3fe1b\" data-elementor-lightbox-title=\"JHV_2025 (9)\" data-e-action-hash=\"#elementor-action%3Aaction%3Dlightbox%26settings%3DeyJpZCI6MjgxMywidXJsIjoiaHR0cHM6XC9cL3d3dy5hdS1kb25hdS5hdFwvaGVpbWF0aGF1c1wvd3AtY29udGVudFwvdXBsb2Fkc1wvMjAyNVwvMTBcL0pIVl8yMDI1LTktc2NhbGVkLmpwZyIsInNsaWRlc2hvdyI6IjllM2ZlMWIifQ%3D%3D\">\n\t\t\t\t\t<div class=\"e-gallery-image elementor-gallery-item__image\" data-thumbnail=\"https:\/\/www.au-donau.at\/heimathaus\/wp-content\/uploads\/2025\/10\/JHV_2025-9-1024x461.jpg\" data-width=\"800\" data-height=\"360\" aria-label=\"\" role=\"img\" ><\/div>\n\t\t\t\t\t\t\t\t\t\t\t<div class=\"elementor-gallery-item__overlay\"><\/div>\n\t\t\t\t\t\t\t\t\t\t\t\t\t\t<\/a>\n\t\t\t\t\t\t\t<a class=\"e-gallery-item elementor-gallery-item elementor-animated-content\" href=\"https:\/\/www.au-donau.at\/heimathaus\/wp-content\/uploads\/2025\/10\/JHV_2025-10-scaled.jpg\" data-elementor-open-lightbox=\"yes\" data-elementor-lightbox-slideshow=\"9e3fe1b\" data-elementor-lightbox-title=\"JHV_2025 (10)\" data-e-action-hash=\"#elementor-action%3Aaction%3Dlightbox%26settings%3DeyJpZCI6MjgxNCwidXJsIjoiaHR0cHM6XC9cL3d3dy5hdS1kb25hdS5hdFwvaGVpbWF0aGF1c1wvd3AtY29udGVudFwvdXBsb2Fkc1wvMjAyNVwvMTBcL0pIVl8yMDI1LTEwLXNjYWxlZC5qcGciLCJzbGlkZXNob3ciOiI5ZTNmZTFiIn0%3D\">\n\t\t\t\t\t<div class=\"e-gallery-image elementor-gallery-item__image\" data-thumbnail=\"https:\/\/www.au-donau.at\/heimathaus\/wp-content\/uploads\/2025\/10\/JHV_2025-10-1024x461.jpg\" data-width=\"800\" data-height=\"360\" aria-label=\"\" role=\"img\" ><\/div>\n\t\t\t\t\t\t\t\t\t\t\t<div class=\"elementor-gallery-item__overlay\"><\/div>\n\t\t\t\t\t\t\t\t\t\t\t\t\t\t<\/a>\n\t\t\t\t\t\t\t<a class=\"e-gallery-item elementor-gallery-item elementor-animated-content\" href=\"https:\/\/www.au-donau.at\/heimathaus\/wp-content\/uploads\/2025\/10\/JHV_2025-11-scaled.jpg\" data-elementor-open-lightbox=\"yes\" data-elementor-lightbox-slideshow=\"9e3fe1b\" data-elementor-lightbox-title=\"JHV_2025 (11)\" data-e-action-hash=\"#elementor-action%3Aaction%3Dlightbox%26settings%3DeyJpZCI6MjgxNSwidXJsIjoiaHR0cHM6XC9cL3d3dy5hdS1kb25hdS5hdFwvaGVpbWF0aGF1c1wvd3AtY29udGVudFwvdXBsb2Fkc1wvMjAyNVwvMTBcL0pIVl8yMDI1LTExLXNjYWxlZC5qcGciLCJzbGlkZXNob3ciOiI5ZTNmZTFiIn0%3D\">\n\t\t\t\t\t<div class=\"e-gallery-image elementor-gallery-item__image\" data-thumbnail=\"https:\/\/www.au-donau.at\/heimathaus\/wp-content\/uploads\/2025\/10\/JHV_2025-11-1024x461.jpg\" data-width=\"800\" data-height=\"360\" aria-label=\"\" role=\"img\" ><\/div>\n\t\t\t\t\t\t\t\t\t\t\t<div class=\"elementor-gallery-item__overlay\"><\/div>\n\t\t\t\t\t\t\t\t\t\t\t\t\t\t<\/a>\n\t\t\t\t\t\t\t<a class=\"e-gallery-item elementor-gallery-item elementor-animated-content\" href=\"https:\/\/www.au-donau.at\/heimathaus\/wp-content\/uploads\/2025\/10\/JHV_2025-12-scaled.jpg\" data-elementor-open-lightbox=\"yes\" data-elementor-lightbox-slideshow=\"9e3fe1b\" data-elementor-lightbox-title=\"JHV_2025 (12)\" data-e-action-hash=\"#elementor-action%3Aaction%3Dlightbox%26settings%3DeyJpZCI6MjgxNiwidXJsIjoiaHR0cHM6XC9cL3d3dy5hdS1kb25hdS5hdFwvaGVpbWF0aGF1c1wvd3AtY29udGVudFwvdXBsb2Fkc1wvMjAyNVwvMTBcL0pIVl8yMDI1LTEyLXNjYWxlZC5qcGciLCJzbGlkZXNob3ciOiI5ZTNmZTFiIn0%3D\">\n\t\t\t\t\t<div class=\"e-gallery-image elementor-gallery-item__image\" data-thumbnail=\"https:\/\/www.au-donau.at\/heimathaus\/wp-content\/uploads\/2025\/10\/JHV_2025-12-1024x461.jpg\" data-width=\"800\" data-height=\"360\" aria-label=\"\" role=\"img\" ><\/div>\n\t\t\t\t\t\t\t\t\t\t\t<div class=\"elementor-gallery-item__overlay\"><\/div>\n\t\t\t\t\t\t\t\t\t\t\t\t\t\t<\/a>\n\t\t\t\t\t\t\t<a class=\"e-gallery-item elementor-gallery-item elementor-animated-content\" href=\"https:\/\/www.au-donau.at\/heimathaus\/wp-content\/uploads\/2025\/10\/JHV_2025-1-scaled.jpg\" data-elementor-open-lightbox=\"yes\" data-elementor-lightbox-slideshow=\"9e3fe1b\" data-elementor-lightbox-title=\"JHV_2025 (1)\" data-e-action-hash=\"#elementor-action%3Aaction%3Dlightbox%26settings%3DeyJpZCI6MjgwNSwidXJsIjoiaHR0cHM6XC9cL3d3dy5hdS1kb25hdS5hdFwvaGVpbWF0aGF1c1wvd3AtY29udGVudFwvdXBsb2Fkc1wvMjAyNVwvMTBcL0pIVl8yMDI1LTEtc2NhbGVkLmpwZyIsInNsaWRlc2hvdyI6IjllM2ZlMWIifQ%3D%3D\">\n\t\t\t\t\t<div class=\"e-gallery-image elementor-gallery-item__image\" data-thumbnail=\"https:\/\/www.au-donau.at\/heimathaus\/wp-content\/uploads\/2025\/10\/JHV_2025-1-461x1024.jpg\" data-width=\"461\" data-height=\"1024\" aria-label=\"\" role=\"img\" ><\/div>\n\t\t\t\t\t\t\t\t\t\t\t<div class=\"elementor-gallery-item__overlay\"><\/div>\n\t\t\t\t\t\t\t\t\t\t\t\t\t\t<\/a>\n\t\t\t\t\t<\/div>\n\t\t\t\t\t<\/div>\n\t\t\t\t<\/div>\n\t\t\t\t\t<\/div>\n\t\t\t\t<\/div>\n\t\t\t\t<\/div>\n\t\t","protected":false},"excerpt":{"rendered":"<p>Naarn. Im Rahmen der Jahreshauptversammlung des Kulturvereins Forum Naarn wurde der Vorstand sowie der Beirat einstimmig in ihren Funktionen best\u00e4tigt. Dar\u00fcber hinaus nahm man die Versammlung zum Anlass, zwei langj\u00e4hrige Vereinsgr\u00f6\u00dfen besonders zu ehren: Der ehemalige Obmann Max Mairhofer sowie der ehemalige Obmann-Stellvertreter Hermann Lambauer wurden f\u00fcr ihre jahrzehntelange engagierte Arbeit zu Ehrenobm\u00e4nnern ernannt. Den [&hellip;]<\/p>\n","protected":false},"author":1,"featured_media":2809,"comment_status":"closed","ping_status":"closed","sticky":false,"template":"","format":"standard","meta":{"footnotes":""},"categories":[13],"tags":[],"class_list":["post-2803","post","type-post","status-publish","format-standard","has-post-thumbnail","hentry","category-rueckblicke"],"_links":{"self":[{"href":"https:\/\/www.au-donau.at\/heimathaus\/wp-json\/wp\/v2\/posts\/2803","targetHints":{"allow":["GET"]}}],"collection":[{"href":"https:\/\/www.au-donau.at\/heimathaus\/wp-json\/wp\/v2\/posts"}],"about":[{"href":"https:\/\/www.au-donau.at\/heimathaus\/wp-json\/wp\/v2\/types\/post"}],"author":[{"embeddable":true,"href":"https:\/\/www.au-donau.at\/heimathaus\/wp-json\/wp\/v2\/users\/1"}],"replies":[{"embeddable":true,"href":"https:\/\/www.au-donau.at\/heimathaus\/wp-json\/wp\/v2\/comments?post=2803"}],"version-history":[{"count":10,"href":"https:\/\/www.au-donau.at\/heimathaus\/wp-json\/wp\/v2\/posts\/2803\/revisions"}],"predecessor-version":[{"id":2825,"href":"https:\/\/www.au-donau.at\/heimathaus\/wp-json\/wp\/v2\/posts\/2803\/revisions\/2825"}],"wp:featuredmedia":[{"embeddable":true,"href":"https:\/\/www.au-donau.at\/heimathaus\/wp-json\/wp\/v2\/media\/2809"}],"wp:attachment":[{"href":"https:\/\/www.au-donau.at\/heimathaus\/wp-json\/wp\/v2\/media?parent=2803"}],"wp:term":[{"taxonomy":"category","embeddable":true,"href":"https:\/\/www.au-donau.at\/heimathaus\/wp-json\/wp\/v2\/categories?post=2803"},{"taxonomy":"post_tag","embeddable":true,"href":"https:\/\/www.au-donau.at\/heimathaus\/wp-json\/wp\/v2\/tags?post=2803"}],"curies":[{"name":"wp","href":"https:\/\/api.w.org\/{rel}","templated":true}]}}