{"id":2707,"date":"2025-06-04T20:34:16","date_gmt":"2025-06-04T18:34:16","guid":{"rendered":"https:\/\/www.au-donau.at\/heimathaus\/?p=2707"},"modified":"2025-11-21T13:37:45","modified_gmt":"2025-11-21T12:37:45","slug":"volksschulbesuch-im-heimathaus","status":"publish","type":"post","link":"https:\/\/www.au-donau.at\/heimathaus\/volksschulbesuch-im-heimathaus\/","title":{"rendered":"Volksschulbesuch im Heimathaus"},"content":{"rendered":"\t\t<div data-elementor-type=\"wp-post\" data-elementor-id=\"2707\" class=\"elementor elementor-2707\" data-elementor-post-type=\"post\">\n\t\t\t\t<div class=\"elementor-element elementor-element-d85696b e-flex e-con-boxed e-con e-parent\" data-id=\"d85696b\" data-element_type=\"container\" data-e-type=\"container\">\n\t\t\t\t\t<div class=\"e-con-inner\">\n\t\t\t\t<div class=\"elementor-element elementor-element-4c8e5bb elementor-widget elementor-widget-text-editor\" data-id=\"4c8e5bb\" data-element_type=\"widget\" data-e-type=\"widget\" data-widget_type=\"text-editor.default\">\n\t\t\t\t<div class=\"elementor-widget-container\">\n\t\t\t\t\t\t\t\t\t<p class=\"x_MsoNormal\" style=\"text-align: center;\"><span data-olk-copy-source=\"MessageBody\">Am 23.Mai.2025 besuchten die 3.Klassen der Volksschule Naarn das Heimathaus.<\/span><\/p><p class=\"x_MsoNormal\" style=\"text-align: center;\">Dabei wurden \u00fcber die Geschichte des Hauses, der Fl\u00f6\u00dferei und der Schwemm informiert.<\/p><p class=\"x_MsoNormal\" style=\"text-align: center;\">Heuer wurde auch ein R\u00e4tsel f\u00fcr die Kinder zusammengestellt, und wenn man es geschafft hat, gab es auch ein kleines Geschenk.<\/p><p class=\"x_MsoNormal\" style=\"text-align: center;\">Danke an Martina Hametner f\u00fcrs organisieren .<\/p><p class=\"x_MsoNormal\" style=\"text-align: center;\">Die F\u00fchrung durch die Anlage machten f\u00fcr den Kulturverein Forum Naarn Grete Lambauer und Inge Schatz.<\/p><p class=\"x_MsoNormal\" style=\"text-align: center;\">Der Kulturverein freut sich immer jungen Menschen die Geschichte unseres Hauses und was damit zusammenh\u00e4ngt n\u00e4her zu bringen.\u201c<\/p>\t\t\t\t\t\t\t\t<\/div>\n\t\t\t\t<\/div>\n\t\t\t\t\t<\/div>\n\t\t\t\t<\/div>\n\t\t<div class=\"elementor-element elementor-element-80882f7 e-flex e-con-boxed e-con e-parent\" data-id=\"80882f7\" data-element_type=\"container\" data-e-type=\"container\">\n\t\t\t\t\t<div class=\"e-con-inner\">\n\t\t\t\t<div class=\"elementor-element elementor-element-6adf153 elementor-widget elementor-widget-gallery\" data-id=\"6adf153\" data-element_type=\"widget\" data-e-type=\"widget\" data-settings=\"{&quot;columns&quot;:3,&quot;lazyload&quot;:&quot;yes&quot;,&quot;gallery_layout&quot;:&quot;grid&quot;,&quot;columns_tablet&quot;:2,&quot;columns_mobile&quot;:1,&quot;gap&quot;:{&quot;unit&quot;:&quot;px&quot;,&quot;size&quot;:10,&quot;sizes&quot;:[]},&quot;gap_tablet&quot;:{&quot;unit&quot;:&quot;px&quot;,&quot;size&quot;:10,&quot;sizes&quot;:[]},&quot;gap_mobile&quot;:{&quot;unit&quot;:&quot;px&quot;,&quot;size&quot;:10,&quot;sizes&quot;:[]},&quot;link_to&quot;:&quot;file&quot;,&quot;aspect_ratio&quot;:&quot;3:2&quot;,&quot;overlay_background&quot;:&quot;yes&quot;,&quot;content_hover_animation&quot;:&quot;fade-in&quot;}\" data-widget_type=\"gallery.default\">\n\t\t\t\t<div class=\"elementor-widget-container\">\n\t\t\t\t\t\t\t<div class=\"elementor-gallery__container\">\n\t\t\t\t\t\t\t<a class=\"e-gallery-item elementor-gallery-item elementor-animated-content\" href=\"https:\/\/www.au-donau.at\/heimathaus\/wp-content\/uploads\/2025\/06\/23.-Mai-2025VS_Naarn-2.jpg\" data-elementor-open-lightbox=\"yes\" data-elementor-lightbox-slideshow=\"6adf153\" data-elementor-lightbox-title=\"23. Mai 2025VS_Naarn-2\" data-e-action-hash=\"#elementor-action%3Aaction%3Dlightbox%26settings%3DeyJpZCI6MjcyOCwidXJsIjoiaHR0cHM6XC9cL3d3dy5hdS1kb25hdS5hdFwvaGVpbWF0aGF1c1wvd3AtY29udGVudFwvdXBsb2Fkc1wvMjAyNVwvMDZcLzIzLi1NYWktMjAyNVZTX05hYXJuLTIuanBnIiwic2xpZGVzaG93IjoiNmFkZjE1MyJ9\">\n\t\t\t\t\t<div class=\"e-gallery-image elementor-gallery-item__image\" data-thumbnail=\"https:\/\/www.au-donau.at\/heimathaus\/wp-content\/uploads\/2025\/06\/23.-Mai-2025VS_Naarn-2-768x576.jpg\" data-width=\"768\" data-height=\"576\" aria-label=\"\" role=\"img\" ><\/div>\n\t\t\t\t\t\t\t\t\t\t\t<div class=\"elementor-gallery-item__overlay\"><\/div>\n\t\t\t\t\t\t\t\t\t\t\t\t\t\t<\/a>\n\t\t\t\t\t\t\t<a class=\"e-gallery-item elementor-gallery-item elementor-animated-content\" href=\"https:\/\/www.au-donau.at\/heimathaus\/wp-content\/uploads\/2025\/06\/23.-Mai-2025VS_Naarn-3.jpg\" data-elementor-open-lightbox=\"yes\" data-elementor-lightbox-slideshow=\"6adf153\" data-elementor-lightbox-title=\"23. Mai 2025VS_Naarn-3\" data-e-action-hash=\"#elementor-action%3Aaction%3Dlightbox%26settings%3DeyJpZCI6MjcyOSwidXJsIjoiaHR0cHM6XC9cL3d3dy5hdS1kb25hdS5hdFwvaGVpbWF0aGF1c1wvd3AtY29udGVudFwvdXBsb2Fkc1wvMjAyNVwvMDZcLzIzLi1NYWktMjAyNVZTX05hYXJuLTMuanBnIiwic2xpZGVzaG93IjoiNmFkZjE1MyJ9\">\n\t\t\t\t\t<div class=\"e-gallery-image elementor-gallery-item__image\" data-thumbnail=\"https:\/\/www.au-donau.at\/heimathaus\/wp-content\/uploads\/2025\/06\/23.-Mai-2025VS_Naarn-3-768x1024.jpg\" data-width=\"768\" data-height=\"1024\" aria-label=\"\" role=\"img\" ><\/div>\n\t\t\t\t\t\t\t\t\t\t\t<div class=\"elementor-gallery-item__overlay\"><\/div>\n\t\t\t\t\t\t\t\t\t\t\t\t\t\t<\/a>\n\t\t\t\t\t\t\t<a class=\"e-gallery-item elementor-gallery-item elementor-animated-content\" href=\"https:\/\/www.au-donau.at\/heimathaus\/wp-content\/uploads\/2025\/06\/23.-Mai-2025VS_Naarn-4.jpg\" data-elementor-open-lightbox=\"yes\" data-elementor-lightbox-slideshow=\"6adf153\" data-elementor-lightbox-title=\"23. Mai 2025VS_Naarn-4\" data-e-action-hash=\"#elementor-action%3Aaction%3Dlightbox%26settings%3DeyJpZCI6MjczMCwidXJsIjoiaHR0cHM6XC9cL3d3dy5hdS1kb25hdS5hdFwvaGVpbWF0aGF1c1wvd3AtY29udGVudFwvdXBsb2Fkc1wvMjAyNVwvMDZcLzIzLi1NYWktMjAyNVZTX05hYXJuLTQuanBnIiwic2xpZGVzaG93IjoiNmFkZjE1MyJ9\">\n\t\t\t\t\t<div class=\"e-gallery-image elementor-gallery-item__image\" data-thumbnail=\"https:\/\/www.au-donau.at\/heimathaus\/wp-content\/uploads\/2025\/06\/23.-Mai-2025VS_Naarn-4-768x1024.jpg\" data-width=\"768\" data-height=\"1024\" aria-label=\"\" role=\"img\" ><\/div>\n\t\t\t\t\t\t\t\t\t\t\t<div class=\"elementor-gallery-item__overlay\"><\/div>\n\t\t\t\t\t\t\t\t\t\t\t\t\t\t<\/a>\n\t\t\t\t\t\t\t<a class=\"e-gallery-item elementor-gallery-item elementor-animated-content\" href=\"https:\/\/www.au-donau.at\/heimathaus\/wp-content\/uploads\/2025\/06\/23.-Mai-2025VS_Naarn-5.jpg\" data-elementor-open-lightbox=\"yes\" data-elementor-lightbox-slideshow=\"6adf153\" data-elementor-lightbox-title=\"23. Mai 2025VS_Naarn-5\" data-e-action-hash=\"#elementor-action%3Aaction%3Dlightbox%26settings%3DeyJpZCI6MjczMSwidXJsIjoiaHR0cHM6XC9cL3d3dy5hdS1kb25hdS5hdFwvaGVpbWF0aGF1c1wvd3AtY29udGVudFwvdXBsb2Fkc1wvMjAyNVwvMDZcLzIzLi1NYWktMjAyNVZTX05hYXJuLTUuanBnIiwic2xpZGVzaG93IjoiNmFkZjE1MyJ9\">\n\t\t\t\t\t<div class=\"e-gallery-image elementor-gallery-item__image\" data-thumbnail=\"https:\/\/www.au-donau.at\/heimathaus\/wp-content\/uploads\/2025\/06\/23.-Mai-2025VS_Naarn-5-768x1024.jpg\" data-width=\"768\" data-height=\"1024\" aria-label=\"\" role=\"img\" ><\/div>\n\t\t\t\t\t\t\t\t\t\t\t<div class=\"elementor-gallery-item__overlay\"><\/div>\n\t\t\t\t\t\t\t\t\t\t\t\t\t\t<\/a>\n\t\t\t\t\t\t\t<a class=\"e-gallery-item elementor-gallery-item elementor-animated-content\" href=\"https:\/\/www.au-donau.at\/heimathaus\/wp-content\/uploads\/2025\/06\/23.-Mai-2025VS_Naarn-6.jpg\" data-elementor-open-lightbox=\"yes\" data-elementor-lightbox-slideshow=\"6adf153\" data-elementor-lightbox-title=\"23. Mai 2025VS_Naarn-6\" data-e-action-hash=\"#elementor-action%3Aaction%3Dlightbox%26settings%3DeyJpZCI6MjczMiwidXJsIjoiaHR0cHM6XC9cL3d3dy5hdS1kb25hdS5hdFwvaGVpbWF0aGF1c1wvd3AtY29udGVudFwvdXBsb2Fkc1wvMjAyNVwvMDZcLzIzLi1NYWktMjAyNVZTX05hYXJuLTYuanBnIiwic2xpZGVzaG93IjoiNmFkZjE1MyJ9\">\n\t\t\t\t\t<div class=\"e-gallery-image elementor-gallery-item__image\" data-thumbnail=\"https:\/\/www.au-donau.at\/heimathaus\/wp-content\/uploads\/2025\/06\/23.-Mai-2025VS_Naarn-6-768x1024.jpg\" data-width=\"768\" data-height=\"1024\" aria-label=\"\" role=\"img\" ><\/div>\n\t\t\t\t\t\t\t\t\t\t\t<div class=\"elementor-gallery-item__overlay\"><\/div>\n\t\t\t\t\t\t\t\t\t\t\t\t\t\t<\/a>\n\t\t\t\t\t\t\t<a class=\"e-gallery-item elementor-gallery-item elementor-animated-content\" href=\"https:\/\/www.au-donau.at\/heimathaus\/wp-content\/uploads\/2025\/06\/23.-Mai-2025VS_Naarn-7.jpg\" data-elementor-open-lightbox=\"yes\" data-elementor-lightbox-slideshow=\"6adf153\" data-elementor-lightbox-title=\"23. Mai 2025VS_Naarn-7\" data-e-action-hash=\"#elementor-action%3Aaction%3Dlightbox%26settings%3DeyJpZCI6MjczMywidXJsIjoiaHR0cHM6XC9cL3d3dy5hdS1kb25hdS5hdFwvaGVpbWF0aGF1c1wvd3AtY29udGVudFwvdXBsb2Fkc1wvMjAyNVwvMDZcLzIzLi1NYWktMjAyNVZTX05hYXJuLTcuanBnIiwic2xpZGVzaG93IjoiNmFkZjE1MyJ9\">\n\t\t\t\t\t<div class=\"e-gallery-image elementor-gallery-item__image\" data-thumbnail=\"https:\/\/www.au-donau.at\/heimathaus\/wp-content\/uploads\/2025\/06\/23.-Mai-2025VS_Naarn-7-768x1024.jpg\" data-width=\"768\" data-height=\"1024\" aria-label=\"\" role=\"img\" ><\/div>\n\t\t\t\t\t\t\t\t\t\t\t<div class=\"elementor-gallery-item__overlay\"><\/div>\n\t\t\t\t\t\t\t\t\t\t\t\t\t\t<\/a>\n\t\t\t\t\t\t\t<a class=\"e-gallery-item elementor-gallery-item elementor-animated-content\" href=\"https:\/\/www.au-donau.at\/heimathaus\/wp-content\/uploads\/2025\/06\/23.-Mai-2025VS_Naarn-8.jpg\" data-elementor-open-lightbox=\"yes\" data-elementor-lightbox-slideshow=\"6adf153\" data-elementor-lightbox-title=\"23. Mai 2025VS_Naarn-8\" data-e-action-hash=\"#elementor-action%3Aaction%3Dlightbox%26settings%3DeyJpZCI6MjczNCwidXJsIjoiaHR0cHM6XC9cL3d3dy5hdS1kb25hdS5hdFwvaGVpbWF0aGF1c1wvd3AtY29udGVudFwvdXBsb2Fkc1wvMjAyNVwvMDZcLzIzLi1NYWktMjAyNVZTX05hYXJuLTguanBnIiwic2xpZGVzaG93IjoiNmFkZjE1MyJ9\">\n\t\t\t\t\t<div class=\"e-gallery-image elementor-gallery-item__image\" data-thumbnail=\"https:\/\/www.au-donau.at\/heimathaus\/wp-content\/uploads\/2025\/06\/23.-Mai-2025VS_Naarn-8-768x1024.jpg\" data-width=\"768\" data-height=\"1024\" aria-label=\"\" role=\"img\" ><\/div>\n\t\t\t\t\t\t\t\t\t\t\t<div class=\"elementor-gallery-item__overlay\"><\/div>\n\t\t\t\t\t\t\t\t\t\t\t\t\t\t<\/a>\n\t\t\t\t\t\t\t<a class=\"e-gallery-item elementor-gallery-item elementor-animated-content\" href=\"https:\/\/www.au-donau.at\/heimathaus\/wp-content\/uploads\/2025\/06\/23.-Mai-2025VS_Naarn-9.jpg\" data-elementor-open-lightbox=\"yes\" data-elementor-lightbox-slideshow=\"6adf153\" data-elementor-lightbox-title=\"23. Mai 2025VS_Naarn-9\" data-e-action-hash=\"#elementor-action%3Aaction%3Dlightbox%26settings%3DeyJpZCI6MjczNSwidXJsIjoiaHR0cHM6XC9cL3d3dy5hdS1kb25hdS5hdFwvaGVpbWF0aGF1c1wvd3AtY29udGVudFwvdXBsb2Fkc1wvMjAyNVwvMDZcLzIzLi1NYWktMjAyNVZTX05hYXJuLTkuanBnIiwic2xpZGVzaG93IjoiNmFkZjE1MyJ9\">\n\t\t\t\t\t<div class=\"e-gallery-image elementor-gallery-item__image\" data-thumbnail=\"https:\/\/www.au-donau.at\/heimathaus\/wp-content\/uploads\/2025\/06\/23.-Mai-2025VS_Naarn-9-768x576.jpg\" data-width=\"768\" data-height=\"576\" aria-label=\"\" role=\"img\" ><\/div>\n\t\t\t\t\t\t\t\t\t\t\t<div class=\"elementor-gallery-item__overlay\"><\/div>\n\t\t\t\t\t\t\t\t\t\t\t\t\t\t<\/a>\n\t\t\t\t\t<\/div>\n\t\t\t\t\t<\/div>\n\t\t\t\t<\/div>\n\t\t\t\t\t<\/div>\n\t\t\t\t<\/div>\n\t\t\t\t<\/div>\n\t\t","protected":false},"excerpt":{"rendered":"<p>Am 23.Mai.2025 besuchten die 3.Klassen der Volksschule Naarn das Heimathaus. Dabei wurden \u00fcber die Geschichte des Hauses, der Fl\u00f6\u00dferei und der Schwemm informiert. Heuer wurde auch ein R\u00e4tsel f\u00fcr die Kinder zusammengestellt, und wenn man es geschafft hat, gab es auch ein kleines Geschenk. Danke an Martina Hametner f\u00fcrs organisieren . Die F\u00fchrung durch die [&hellip;]<\/p>\n","protected":false},"author":1,"featured_media":2728,"comment_status":"closed","ping_status":"closed","sticky":false,"template":"","format":"standard","meta":{"footnotes":""},"categories":[13],"tags":[],"class_list":["post-2707","post","type-post","status-publish","format-standard","has-post-thumbnail","hentry","category-rueckblicke"],"_links":{"self":[{"href":"https:\/\/www.au-donau.at\/heimathaus\/wp-json\/wp\/v2\/posts\/2707","targetHints":{"allow":["GET"]}}],"collection":[{"href":"https:\/\/www.au-donau.at\/heimathaus\/wp-json\/wp\/v2\/posts"}],"about":[{"href":"https:\/\/www.au-donau.at\/heimathaus\/wp-json\/wp\/v2\/types\/post"}],"author":[{"embeddable":true,"href":"https:\/\/www.au-donau.at\/heimathaus\/wp-json\/wp\/v2\/users\/1"}],"replies":[{"embeddable":true,"href":"https:\/\/www.au-donau.at\/heimathaus\/wp-json\/wp\/v2\/comments?post=2707"}],"version-history":[{"count":18,"href":"https:\/\/www.au-donau.at\/heimathaus\/wp-json\/wp\/v2\/posts\/2707\/revisions"}],"predecessor-version":[{"id":2833,"href":"https:\/\/www.au-donau.at\/heimathaus\/wp-json\/wp\/v2\/posts\/2707\/revisions\/2833"}],"wp:featuredmedia":[{"embeddable":true,"href":"https:\/\/www.au-donau.at\/heimathaus\/wp-json\/wp\/v2\/media\/2728"}],"wp:attachment":[{"href":"https:\/\/www.au-donau.at\/heimathaus\/wp-json\/wp\/v2\/media?parent=2707"}],"wp:term":[{"taxonomy":"category","embeddable":true,"href":"https:\/\/www.au-donau.at\/heimathaus\/wp-json\/wp\/v2\/categories?post=2707"},{"taxonomy":"post_tag","embeddable":true,"href":"https:\/\/www.au-donau.at\/heimathaus\/wp-json\/wp\/v2\/tags?post=2707"}],"curies":[{"name":"wp","href":"https:\/\/api.w.org\/{rel}","templated":true}]}}