{"id":2611,"date":"2025-05-21T21:44:06","date_gmt":"2025-05-21T19:44:06","guid":{"rendered":"https:\/\/www.au-donau.at\/heimathaus\/?p=2611"},"modified":"2025-05-24T22:22:38","modified_gmt":"2025-05-24T20:22:38","slug":"maiandacht-im-heimathaus-4","status":"publish","type":"post","link":"https:\/\/www.au-donau.at\/heimathaus\/maiandacht-im-heimathaus-4\/","title":{"rendered":"Maiandacht im Heimathaus, 21. Mai"},"content":{"rendered":"\t\t<div data-elementor-type=\"wp-post\" data-elementor-id=\"2611\" class=\"elementor elementor-2611\" data-elementor-post-type=\"post\">\n\t\t\t\t<div class=\"elementor-element elementor-element-23cfbb6 e-flex e-con-boxed e-con e-parent\" data-id=\"23cfbb6\" data-element_type=\"container\" data-e-type=\"container\">\n\t\t\t\t\t<div class=\"e-con-inner\">\n\t\t\t\t<div class=\"elementor-element elementor-element-ba94615 elementor-widget elementor-widget-text-editor\" data-id=\"ba94615\" data-element_type=\"widget\" data-e-type=\"widget\" data-widget_type=\"text-editor.default\">\n\t\t\t\t<div class=\"elementor-widget-container\">\n\t\t\t\t\t\t\t\t\t<p style=\"text-align: center;\">In Abstimmung mit den Pfarrgemeinder\u00e4ten der Ortschaften Oberwagram und Sebern wurde auch heuer wieder eine Maiandacht im Heimathaus organisiert.<\/p><p style=\"text-align: center;\">Abgehalten von Gottfried Froschauer und musikalisch umrahmt von Helene Astleithner feierten rund 40 Besucher eine sch\u00f6ne Maiandacht mit anschlie\u00dfend gem\u00fctlichem Ausklang mit Kaffee, Kuchen und Getr\u00e4nken.<\/p>\t\t\t\t\t\t\t\t<\/div>\n\t\t\t\t<\/div>\n\t\t\t\t\t<\/div>\n\t\t\t\t<\/div>\n\t\t<div class=\"elementor-element elementor-element-9e6baff e-flex e-con-boxed e-con e-parent\" data-id=\"9e6baff\" data-element_type=\"container\" data-e-type=\"container\">\n\t\t\t\t\t<div class=\"e-con-inner\">\n\t\t\t\t<div class=\"elementor-element elementor-element-a826ea1 elementor-widget elementor-widget-gallery\" data-id=\"a826ea1\" data-element_type=\"widget\" data-e-type=\"widget\" data-settings=\"{&quot;columns&quot;:2,&quot;lazyload&quot;:&quot;yes&quot;,&quot;gallery_layout&quot;:&quot;grid&quot;,&quot;columns_tablet&quot;:2,&quot;columns_mobile&quot;:1,&quot;gap&quot;:{&quot;unit&quot;:&quot;px&quot;,&quot;size&quot;:10,&quot;sizes&quot;:[]},&quot;gap_tablet&quot;:{&quot;unit&quot;:&quot;px&quot;,&quot;size&quot;:10,&quot;sizes&quot;:[]},&quot;gap_mobile&quot;:{&quot;unit&quot;:&quot;px&quot;,&quot;size&quot;:10,&quot;sizes&quot;:[]},&quot;link_to&quot;:&quot;file&quot;,&quot;aspect_ratio&quot;:&quot;3:2&quot;,&quot;overlay_background&quot;:&quot;yes&quot;,&quot;content_hover_animation&quot;:&quot;fade-in&quot;}\" data-widget_type=\"gallery.default\">\n\t\t\t\t<div class=\"elementor-widget-container\">\n\t\t\t\t\t\t\t<div class=\"elementor-gallery__container\">\n\t\t\t\t\t\t\t<a class=\"e-gallery-item elementor-gallery-item elementor-animated-content\" href=\"https:\/\/www.au-donau.at\/heimathaus\/wp-content\/uploads\/2025\/05\/WhatsApp-Bild-2025-05-21-um-21.42.27_f1de98b2.jpg\" data-elementor-open-lightbox=\"yes\" data-elementor-lightbox-slideshow=\"a826ea1\" data-elementor-lightbox-title=\"WhatsApp Bild 2025-05-21 um 21.42.27_f1de98b2\" data-e-action-hash=\"#elementor-action%3Aaction%3Dlightbox%26settings%3DeyJpZCI6MjYxNiwidXJsIjoiaHR0cHM6XC9cL3d3dy5hdS1kb25hdS5hdFwvaGVpbWF0aGF1c1wvd3AtY29udGVudFwvdXBsb2Fkc1wvMjAyNVwvMDVcL1doYXRzQXBwLUJpbGQtMjAyNS0wNS0yMS11bS0yMS40Mi4yN19mMWRlOThiMi5qcGciLCJzbGlkZXNob3ciOiJhODI2ZWExIn0%3D\">\n\t\t\t\t\t<div class=\"e-gallery-image elementor-gallery-item__image\" data-thumbnail=\"https:\/\/www.au-donau.at\/heimathaus\/wp-content\/uploads\/2025\/05\/WhatsApp-Bild-2025-05-21-um-21.42.27_f1de98b2-768x576.jpg\" data-width=\"768\" data-height=\"576\" aria-label=\"\" role=\"img\" ><\/div>\n\t\t\t\t\t\t\t\t\t\t\t<div class=\"elementor-gallery-item__overlay\"><\/div>\n\t\t\t\t\t\t\t\t\t\t\t\t\t\t<\/a>\n\t\t\t\t\t\t\t<a class=\"e-gallery-item elementor-gallery-item elementor-animated-content\" href=\"https:\/\/www.au-donau.at\/heimathaus\/wp-content\/uploads\/2025\/05\/WhatsApp-Bild-2025-05-21-um-21.42.26_7dfa1294.jpg\" data-elementor-open-lightbox=\"yes\" data-elementor-lightbox-slideshow=\"a826ea1\" data-elementor-lightbox-title=\"WhatsApp Bild 2025-05-21 um 21.42.26_7dfa1294\" data-e-action-hash=\"#elementor-action%3Aaction%3Dlightbox%26settings%3DeyJpZCI6MjYxNSwidXJsIjoiaHR0cHM6XC9cL3d3dy5hdS1kb25hdS5hdFwvaGVpbWF0aGF1c1wvd3AtY29udGVudFwvdXBsb2Fkc1wvMjAyNVwvMDVcL1doYXRzQXBwLUJpbGQtMjAyNS0wNS0yMS11bS0yMS40Mi4yNl83ZGZhMTI5NC5qcGciLCJzbGlkZXNob3ciOiJhODI2ZWExIn0%3D\">\n\t\t\t\t\t<div class=\"e-gallery-image elementor-gallery-item__image\" data-thumbnail=\"https:\/\/www.au-donau.at\/heimathaus\/wp-content\/uploads\/2025\/05\/WhatsApp-Bild-2025-05-21-um-21.42.26_7dfa1294-768x576.jpg\" data-width=\"768\" data-height=\"576\" aria-label=\"\" role=\"img\" ><\/div>\n\t\t\t\t\t\t\t\t\t\t\t<div class=\"elementor-gallery-item__overlay\"><\/div>\n\t\t\t\t\t\t\t\t\t\t\t\t\t\t<\/a>\n\t\t\t\t\t\t\t<a class=\"e-gallery-item elementor-gallery-item elementor-animated-content\" href=\"https:\/\/www.au-donau.at\/heimathaus\/wp-content\/uploads\/2025\/05\/WhatsApp-Bild-2025-05-21-um-21.39.43_f64121f5.jpg\" data-elementor-open-lightbox=\"yes\" data-elementor-lightbox-slideshow=\"a826ea1\" data-elementor-lightbox-title=\"WhatsApp Bild 2025-05-21 um 21.39.43_f64121f5\" data-e-action-hash=\"#elementor-action%3Aaction%3Dlightbox%26settings%3DeyJpZCI6MjYxNCwidXJsIjoiaHR0cHM6XC9cL3d3dy5hdS1kb25hdS5hdFwvaGVpbWF0aGF1c1wvd3AtY29udGVudFwvdXBsb2Fkc1wvMjAyNVwvMDVcL1doYXRzQXBwLUJpbGQtMjAyNS0wNS0yMS11bS0yMS4zOS40M19mNjQxMjFmNS5qcGciLCJzbGlkZXNob3ciOiJhODI2ZWExIn0%3D\">\n\t\t\t\t\t<div class=\"e-gallery-image elementor-gallery-item__image\" data-thumbnail=\"https:\/\/www.au-donau.at\/heimathaus\/wp-content\/uploads\/2025\/05\/WhatsApp-Bild-2025-05-21-um-21.39.43_f64121f5-768x576.jpg\" data-width=\"768\" data-height=\"576\" aria-label=\"\" role=\"img\" ><\/div>\n\t\t\t\t\t\t\t\t\t\t\t<div class=\"elementor-gallery-item__overlay\"><\/div>\n\t\t\t\t\t\t\t\t\t\t\t\t\t\t<\/a>\n\t\t\t\t\t\t\t<a class=\"e-gallery-item elementor-gallery-item elementor-animated-content\" href=\"https:\/\/www.au-donau.at\/heimathaus\/wp-content\/uploads\/2025\/05\/WhatsApp-Bild-2025-05-21-um-21.39.43_e3cd75c5.jpg\" data-elementor-open-lightbox=\"yes\" data-elementor-lightbox-slideshow=\"a826ea1\" data-elementor-lightbox-title=\"WhatsApp Bild 2025-05-21 um 21.39.43_e3cd75c5\" data-e-action-hash=\"#elementor-action%3Aaction%3Dlightbox%26settings%3DeyJpZCI6MjYxMywidXJsIjoiaHR0cHM6XC9cL3d3dy5hdS1kb25hdS5hdFwvaGVpbWF0aGF1c1wvd3AtY29udGVudFwvdXBsb2Fkc1wvMjAyNVwvMDVcL1doYXRzQXBwLUJpbGQtMjAyNS0wNS0yMS11bS0yMS4zOS40M19lM2NkNzVjNS5qcGciLCJzbGlkZXNob3ciOiJhODI2ZWExIn0%3D\">\n\t\t\t\t\t<div class=\"e-gallery-image elementor-gallery-item__image\" data-thumbnail=\"https:\/\/www.au-donau.at\/heimathaus\/wp-content\/uploads\/2025\/05\/WhatsApp-Bild-2025-05-21-um-21.39.43_e3cd75c5-768x1024.jpg\" data-width=\"768\" data-height=\"1024\" aria-label=\"\" role=\"img\" ><\/div>\n\t\t\t\t\t\t\t\t\t\t\t<div class=\"elementor-gallery-item__overlay\"><\/div>\n\t\t\t\t\t\t\t\t\t\t\t\t\t\t<\/a>\n\t\t\t\t\t\t\t<a class=\"e-gallery-item elementor-gallery-item elementor-animated-content\" href=\"https:\/\/www.au-donau.at\/heimathaus\/wp-content\/uploads\/2025\/05\/WhatsApp-Bild-2025-05-21-um-21.39.43_945d4e07.jpg\" data-elementor-open-lightbox=\"yes\" data-elementor-lightbox-slideshow=\"a826ea1\" data-elementor-lightbox-title=\"WhatsApp Bild 2025-05-21 um 21.39.43_945d4e07\" data-e-action-hash=\"#elementor-action%3Aaction%3Dlightbox%26settings%3DeyJpZCI6MjYxMiwidXJsIjoiaHR0cHM6XC9cL3d3dy5hdS1kb25hdS5hdFwvaGVpbWF0aGF1c1wvd3AtY29udGVudFwvdXBsb2Fkc1wvMjAyNVwvMDVcL1doYXRzQXBwLUJpbGQtMjAyNS0wNS0yMS11bS0yMS4zOS40M185NDVkNGUwNy5qcGciLCJzbGlkZXNob3ciOiJhODI2ZWExIn0%3D\">\n\t\t\t\t\t<div class=\"e-gallery-image elementor-gallery-item__image\" data-thumbnail=\"https:\/\/www.au-donau.at\/heimathaus\/wp-content\/uploads\/2025\/05\/WhatsApp-Bild-2025-05-21-um-21.39.43_945d4e07-768x576.jpg\" data-width=\"768\" data-height=\"576\" aria-label=\"\" role=\"img\" ><\/div>\n\t\t\t\t\t\t\t\t\t\t\t<div class=\"elementor-gallery-item__overlay\"><\/div>\n\t\t\t\t\t\t\t\t\t\t\t\t\t\t<\/a>\n\t\t\t\t\t<\/div>\n\t\t\t\t\t<\/div>\n\t\t\t\t<\/div>\n\t\t\t\t\t<\/div>\n\t\t\t\t<\/div>\n\t\t\t\t<\/div>\n\t\t","protected":false},"excerpt":{"rendered":"<p>In Abstimmung mit den Pfarrgemeinder\u00e4ten der Ortschaften Oberwagram und Sebern wurde auch heuer wieder eine Maiandacht im Heimathaus organisiert. Abgehalten von Gottfried Froschauer und musikalisch umrahmt von Helene Astleithner feierten rund 40 Besucher eine sch\u00f6ne Maiandacht mit anschlie\u00dfend gem\u00fctlichem Ausklang mit Kaffee, Kuchen und Getr\u00e4nken.<\/p>\n","protected":false},"author":1,"featured_media":2615,"comment_status":"closed","ping_status":"closed","sticky":false,"template":"","format":"standard","meta":{"footnotes":""},"categories":[13],"tags":[],"class_list":["post-2611","post","type-post","status-publish","format-standard","has-post-thumbnail","hentry","category-rueckblicke"],"_links":{"self":[{"href":"https:\/\/www.au-donau.at\/heimathaus\/wp-json\/wp\/v2\/posts\/2611","targetHints":{"allow":["GET"]}}],"collection":[{"href":"https:\/\/www.au-donau.at\/heimathaus\/wp-json\/wp\/v2\/posts"}],"about":[{"href":"https:\/\/www.au-donau.at\/heimathaus\/wp-json\/wp\/v2\/types\/post"}],"author":[{"embeddable":true,"href":"https:\/\/www.au-donau.at\/heimathaus\/wp-json\/wp\/v2\/users\/1"}],"replies":[{"embeddable":true,"href":"https:\/\/www.au-donau.at\/heimathaus\/wp-json\/wp\/v2\/comments?post=2611"}],"version-history":[{"count":7,"href":"https:\/\/www.au-donau.at\/heimathaus\/wp-json\/wp\/v2\/posts\/2611\/revisions"}],"predecessor-version":[{"id":2628,"href":"https:\/\/www.au-donau.at\/heimathaus\/wp-json\/wp\/v2\/posts\/2611\/revisions\/2628"}],"wp:featuredmedia":[{"embeddable":true,"href":"https:\/\/www.au-donau.at\/heimathaus\/wp-json\/wp\/v2\/media\/2615"}],"wp:attachment":[{"href":"https:\/\/www.au-donau.at\/heimathaus\/wp-json\/wp\/v2\/media?parent=2611"}],"wp:term":[{"taxonomy":"category","embeddable":true,"href":"https:\/\/www.au-donau.at\/heimathaus\/wp-json\/wp\/v2\/categories?post=2611"},{"taxonomy":"post_tag","embeddable":true,"href":"https:\/\/www.au-donau.at\/heimathaus\/wp-json\/wp\/v2\/tags?post=2611"}],"curies":[{"name":"wp","href":"https:\/\/api.w.org\/{rel}","templated":true}]}}