{"id":1936,"date":"2024-05-23T08:38:23","date_gmt":"2024-05-23T06:38:23","guid":{"rendered":"https:\/\/www.au-donau.at\/heimathaus\/?p=1936"},"modified":"2024-06-01T20:40:26","modified_gmt":"2024-06-01T18:40:26","slug":"vereinsausflug-nach-salzburg-2","status":"publish","type":"post","link":"https:\/\/www.au-donau.at\/heimathaus\/vereinsausflug-nach-salzburg-2\/","title":{"rendered":"Besuch VS Naarn, 3. Klassen"},"content":{"rendered":"\t\t<div data-elementor-type=\"wp-post\" data-elementor-id=\"1936\" class=\"elementor elementor-1936\" data-elementor-post-type=\"post\">\n\t\t\t\t<div class=\"elementor-element elementor-element-ae3f7a9 e-flex e-con-boxed e-con e-parent\" data-id=\"ae3f7a9\" data-element_type=\"container\" data-e-type=\"container\">\n\t\t\t\t\t<div class=\"e-con-inner\">\n\t\t\t\t<div class=\"elementor-element elementor-element-3da895c elementor-widget elementor-widget-text-editor\" data-id=\"3da895c\" data-element_type=\"widget\" data-e-type=\"widget\" data-widget_type=\"text-editor.default\">\n\t\t\t\t<div class=\"elementor-widget-container\">\n\t\t\t\t\t\t\t\t\t<p style=\"text-align: center;\">Nach unserer gelungenen Lesenacht besuchten wir am 16. Mai das Heimathaus in Oberwagram. Sehr herzlich wurden wir von Herrn Mairhofer und Frau Lambauer empfangen. Herr Mairhofer zeigte den Sch\u00fclerInnen einen interessanten Film zum Thema Fl\u00f6\u00dferei und Scheiterschwemme, w\u00e4hrend Frau Lambauer den Kindern im Heimathaus einen Einblick in das Leben von fr\u00fcher gab. Zum Schluss gab es noch ein gemeinsames Foto und wir setzten unsere Rundfahrt durch die Naarner Ortschaften \u2013 begleitet von Herrn Maierhofer und Frau Schatz &#8211; fort. Wir m\u00f6chten uns sehr herzlich f\u00fcr diesen spannenden Vormittag bedanken.<\/p>\t\t\t\t\t\t\t\t<\/div>\n\t\t\t\t<\/div>\n\t\t\t\t<div class=\"elementor-element elementor-element-a789911 elementor-widget elementor-widget-gallery\" data-id=\"a789911\" data-element_type=\"widget\" data-e-type=\"widget\" data-settings=\"{&quot;columns&quot;:1,&quot;gallery_layout&quot;:&quot;grid&quot;,&quot;columns_tablet&quot;:2,&quot;columns_mobile&quot;:1,&quot;gap&quot;:{&quot;unit&quot;:&quot;px&quot;,&quot;size&quot;:10,&quot;sizes&quot;:[]},&quot;gap_tablet&quot;:{&quot;unit&quot;:&quot;px&quot;,&quot;size&quot;:10,&quot;sizes&quot;:[]},&quot;gap_mobile&quot;:{&quot;unit&quot;:&quot;px&quot;,&quot;size&quot;:10,&quot;sizes&quot;:[]},&quot;link_to&quot;:&quot;file&quot;,&quot;aspect_ratio&quot;:&quot;3:2&quot;,&quot;content_hover_animation&quot;:&quot;fade-in&quot;}\" data-widget_type=\"gallery.default\">\n\t\t\t\t<div class=\"elementor-widget-container\">\n\t\t\t\t\t\t\t<div class=\"elementor-gallery__container\">\n\t\t\t\t\t\t\t<a class=\"e-gallery-item elementor-gallery-item elementor-animated-content\" href=\"https:\/\/www.au-donau.at\/heimathaus\/wp-content\/uploads\/2024\/05\/VS_Naarn_3_Klassen.jpg\" data-elementor-open-lightbox=\"yes\" data-elementor-lightbox-slideshow=\"a789911\" data-elementor-lightbox-title=\"VS_Naarn_3_Klassen\" data-e-action-hash=\"#elementor-action%3Aaction%3Dlightbox%26settings%3DeyJpZCI6MTkzOCwidXJsIjoiaHR0cHM6XC9cL3d3dy5hdS1kb25hdS5hdFwvaGVpbWF0aGF1c1wvd3AtY29udGVudFwvdXBsb2Fkc1wvMjAyNFwvMDVcL1ZTX05hYXJuXzNfS2xhc3Nlbi5qcGciLCJzbGlkZXNob3ciOiJhNzg5OTExIn0%3D\">\n\t\t\t\t\t<div class=\"e-gallery-image elementor-gallery-item__image\" data-thumbnail=\"https:\/\/www.au-donau.at\/heimathaus\/wp-content\/uploads\/2024\/05\/VS_Naarn_3_Klassen-1024x768.jpg\" data-width=\"800\" data-height=\"600\" aria-label=\"\" role=\"img\" ><\/div>\n\t\t\t\t\t\t\t\t\t\t\t\t\t\t<\/a>\n\t\t\t\t\t<\/div>\n\t\t\t\t\t<\/div>\n\t\t\t\t<\/div>\n\t\t\t\t\t<\/div>\n\t\t\t\t<\/div>\n\t\t<div class=\"elementor-element elementor-element-6af89f5 e-flex e-con-boxed e-con e-parent\" data-id=\"6af89f5\" data-element_type=\"container\" data-e-type=\"container\">\n\t\t\t\t\t<div class=\"e-con-inner\">\n\t\t\t\t\t<\/div>\n\t\t\t\t<\/div>\n\t\t\t\t<\/div>\n\t\t","protected":false},"excerpt":{"rendered":"<p>Nach unserer gelungenen Lesenacht besuchten wir am 16. Mai das Heimathaus in Oberwagram. Sehr herzlich wurden wir von Herrn Mairhofer und Frau Lambauer empfangen. Herr Mairhofer zeigte den Sch\u00fclerInnen einen interessanten Film zum Thema Fl\u00f6\u00dferei und Scheiterschwemme, w\u00e4hrend Frau Lambauer den Kindern im Heimathaus einen Einblick in das Leben von fr\u00fcher gab. Zum Schluss gab [&hellip;]<\/p>\n","protected":false},"author":1,"featured_media":0,"comment_status":"closed","ping_status":"closed","sticky":false,"template":"","format":"standard","meta":{"footnotes":""},"categories":[13],"tags":[],"class_list":["post-1936","post","type-post","status-publish","format-standard","hentry","category-rueckblicke"],"_links":{"self":[{"href":"https:\/\/www.au-donau.at\/heimathaus\/wp-json\/wp\/v2\/posts\/1936","targetHints":{"allow":["GET"]}}],"collection":[{"href":"https:\/\/www.au-donau.at\/heimathaus\/wp-json\/wp\/v2\/posts"}],"about":[{"href":"https:\/\/www.au-donau.at\/heimathaus\/wp-json\/wp\/v2\/types\/post"}],"author":[{"embeddable":true,"href":"https:\/\/www.au-donau.at\/heimathaus\/wp-json\/wp\/v2\/users\/1"}],"replies":[{"embeddable":true,"href":"https:\/\/www.au-donau.at\/heimathaus\/wp-json\/wp\/v2\/comments?post=1936"}],"version-history":[{"count":25,"href":"https:\/\/www.au-donau.at\/heimathaus\/wp-json\/wp\/v2\/posts\/1936\/revisions"}],"predecessor-version":[{"id":2279,"href":"https:\/\/www.au-donau.at\/heimathaus\/wp-json\/wp\/v2\/posts\/1936\/revisions\/2279"}],"wp:attachment":[{"href":"https:\/\/www.au-donau.at\/heimathaus\/wp-json\/wp\/v2\/media?parent=1936"}],"wp:term":[{"taxonomy":"category","embeddable":true,"href":"https:\/\/www.au-donau.at\/heimathaus\/wp-json\/wp\/v2\/categories?post=1936"},{"taxonomy":"post_tag","embeddable":true,"href":"https:\/\/www.au-donau.at\/heimathaus\/wp-json\/wp\/v2\/tags?post=1936"}],"curies":[{"name":"wp","href":"https:\/\/api.w.org\/{rel}","templated":true}]}}