{"id":1917,"date":"2024-05-23T08:22:53","date_gmt":"2024-05-23T06:22:53","guid":{"rendered":"https:\/\/www.au-donau.at\/heimathaus\/?p=1917"},"modified":"2024-05-23T08:33:43","modified_gmt":"2024-05-23T06:33:43","slug":"maiandacht-im-heimathaus-3","status":"publish","type":"post","link":"https:\/\/www.au-donau.at\/heimathaus\/maiandacht-im-heimathaus-3\/","title":{"rendered":"Maiandacht im Heimathaus, 15. Mai 2024"},"content":{"rendered":"\t\t<div data-elementor-type=\"wp-post\" data-elementor-id=\"1917\" class=\"elementor elementor-1917\" data-elementor-post-type=\"post\">\n\t\t\t\t<div class=\"elementor-element elementor-element-59e9a20d e-flex e-con-boxed e-con e-parent\" data-id=\"59e9a20d\" data-element_type=\"container\" data-e-type=\"container\">\n\t\t\t\t\t<div class=\"e-con-inner\">\n\t\t\t\t<div class=\"elementor-element elementor-element-61ccf4ea elementor-widget elementor-widget-text-editor\" data-id=\"61ccf4ea\" data-element_type=\"widget\" data-e-type=\"widget\" data-widget_type=\"text-editor.default\">\n\t\t\t\t<div class=\"elementor-widget-container\">\n\t\t\t\t\t\t\t\t\t\n<p style=\"text-align: center;\">An einem sch\u00f6nen Fr\u00fchlingsabend, fand die dritte Maiandacht im Heimathaus statt.<\/p>\n\n<p style=\"text-align: center;\">Auf Grund einer Anregung von Pfarrgemeinder\u00e4tin Daniela Achleitner, wurden auch<\/p>\n\n<p style=\"text-align: center;\">die Bewohner von Sebern dazu eingeladen. Mit den Besuchern aus Oberwagram<\/p>\n\n<p style=\"text-align: center;\">waren ca. 40 Personen anwesend.<\/p>\n\n<p style=\"text-align: center;\">Herr Pfarrer Ronald Mutagubya gestaltete die Andacht sehr w\u00fcrdevoll.<\/p>\n\n<p style=\"text-align: center;\">Unterst\u00fctzt wurde er von Messner Josef Mairhofer und den Minis Lilly und Georg<\/p>\n\n<p style=\"text-align: center;\">Achleitner. F\u00fcr die musikalische Umrahmung sorgte Helene Aistleitner auf der Gitarre.<\/p>\n\n<p style=\"text-align: center;\">Im Namen des Kulturvereines FORUM NAARN bedankte sich Max Mairhofer f\u00fcr das Kommen<\/p>\n\n<p style=\"text-align: center;\">und das Mitfeiern. Sein Dank galt auch den Mehlspeisenspendern \u2013 Silvia Tauber, Maria Masilko<\/p>\n\n<p style=\"text-align: center;\">und der Pfarrgemeinder\u00e4tin Isabella Bauer, sowie Anita Gartner. Dank auch f\u00fcr die k\u00f6stlichen Erdbeeren<\/p>\n\n<p style=\"text-align: center;\">und den Blumenschmuck an Daniela Achleitner.<\/p>\n\n<p style=\"text-align: center;\">Im Anschluss gab es bei Kaffee, Mehlspeisen und Getr\u00e4nken noch Zeit zum plaudern.<\/p>\n\n<p style=\"text-align: center;\">Die H\u00e4lfte der freiwilligen Spenden kamen der Kirchenrenovierung zugute.<\/p>\n\t\t\t\t\t\t\t\t<\/div>\n\t\t\t\t<\/div>\n\t\t\t\t<div class=\"elementor-element elementor-element-8800937 elementor-widget elementor-widget-gallery\" data-id=\"8800937\" data-element_type=\"widget\" data-e-type=\"widget\" data-settings=\"{&quot;image_hover_animation&quot;:&quot;grow&quot;,&quot;lazyload&quot;:&quot;yes&quot;,&quot;gallery_layout&quot;:&quot;grid&quot;,&quot;columns&quot;:4,&quot;columns_tablet&quot;:2,&quot;columns_mobile&quot;:1,&quot;gap&quot;:{&quot;unit&quot;:&quot;px&quot;,&quot;size&quot;:10,&quot;sizes&quot;:[]},&quot;gap_tablet&quot;:{&quot;unit&quot;:&quot;px&quot;,&quot;size&quot;:10,&quot;sizes&quot;:[]},&quot;gap_mobile&quot;:{&quot;unit&quot;:&quot;px&quot;,&quot;size&quot;:10,&quot;sizes&quot;:[]},&quot;link_to&quot;:&quot;file&quot;,&quot;aspect_ratio&quot;:&quot;3:2&quot;,&quot;overlay_background&quot;:&quot;yes&quot;,&quot;content_hover_animation&quot;:&quot;fade-in&quot;}\" data-widget_type=\"gallery.default\">\n\t\t\t\t<div class=\"elementor-widget-container\">\n\t\t\t\t\t\t\t<div class=\"elementor-gallery__container\">\n\t\t\t\t\t\t\t<a class=\"e-gallery-item elementor-gallery-item elementor-animated-content\" href=\"https:\/\/www.au-donau.at\/heimathaus\/wp-content\/uploads\/2024\/05\/IMG_20240515_191559-scaled.jpg\" data-elementor-open-lightbox=\"yes\" data-elementor-lightbox-slideshow=\"8800937\" data-elementor-lightbox-title=\"IMG_20240515_191559\" data-e-action-hash=\"#elementor-action%3Aaction%3Dlightbox%26settings%3DeyJpZCI6MTkyNywidXJsIjoiaHR0cHM6XC9cL3d3dy5hdS1kb25hdS5hdFwvaGVpbWF0aGF1c1wvd3AtY29udGVudFwvdXBsb2Fkc1wvMjAyNFwvMDVcL0lNR18yMDI0MDUxNV8xOTE1NTktc2NhbGVkLmpwZyIsInNsaWRlc2hvdyI6Ijg4MDA5MzcifQ%3D%3D\">\n\t\t\t\t\t<div class=\"e-gallery-image elementor-gallery-item__image\" data-thumbnail=\"https:\/\/www.au-donau.at\/heimathaus\/wp-content\/uploads\/2024\/05\/IMG_20240515_191559-300x225.jpg\" data-width=\"300\" data-height=\"225\" aria-label=\"\" role=\"img\" ><\/div>\n\t\t\t\t\t\t\t\t\t\t\t<div class=\"elementor-gallery-item__overlay\"><\/div>\n\t\t\t\t\t\t\t\t\t\t\t\t\t\t<\/a>\n\t\t\t\t\t\t\t<a class=\"e-gallery-item elementor-gallery-item elementor-animated-content\" href=\"https:\/\/www.au-donau.at\/heimathaus\/wp-content\/uploads\/2024\/05\/IMG_20240515_194854-scaled.jpg\" data-elementor-open-lightbox=\"yes\" data-elementor-lightbox-slideshow=\"8800937\" data-elementor-lightbox-title=\"IMG_20240515_194854\" data-e-action-hash=\"#elementor-action%3Aaction%3Dlightbox%26settings%3DeyJpZCI6MTkyOSwidXJsIjoiaHR0cHM6XC9cL3d3dy5hdS1kb25hdS5hdFwvaGVpbWF0aGF1c1wvd3AtY29udGVudFwvdXBsb2Fkc1wvMjAyNFwvMDVcL0lNR18yMDI0MDUxNV8xOTQ4NTQtc2NhbGVkLmpwZyIsInNsaWRlc2hvdyI6Ijg4MDA5MzcifQ%3D%3D\">\n\t\t\t\t\t<div class=\"e-gallery-image elementor-gallery-item__image\" data-thumbnail=\"https:\/\/www.au-donau.at\/heimathaus\/wp-content\/uploads\/2024\/05\/IMG_20240515_194854-300x225.jpg\" data-width=\"300\" data-height=\"225\" aria-label=\"\" role=\"img\" ><\/div>\n\t\t\t\t\t\t\t\t\t\t\t<div class=\"elementor-gallery-item__overlay\"><\/div>\n\t\t\t\t\t\t\t\t\t\t\t\t\t\t<\/a>\n\t\t\t\t\t\t\t<a class=\"e-gallery-item elementor-gallery-item elementor-animated-content\" href=\"https:\/\/www.au-donau.at\/heimathaus\/wp-content\/uploads\/2024\/05\/IMG_20240515_191001-scaled.jpg\" data-elementor-open-lightbox=\"yes\" data-elementor-lightbox-slideshow=\"8800937\" data-elementor-lightbox-title=\"IMG_20240515_191001\" data-e-action-hash=\"#elementor-action%3Aaction%3Dlightbox%26settings%3DeyJpZCI6MTkyMiwidXJsIjoiaHR0cHM6XC9cL3d3dy5hdS1kb25hdS5hdFwvaGVpbWF0aGF1c1wvd3AtY29udGVudFwvdXBsb2Fkc1wvMjAyNFwvMDVcL0lNR18yMDI0MDUxNV8xOTEwMDEtc2NhbGVkLmpwZyIsInNsaWRlc2hvdyI6Ijg4MDA5MzcifQ%3D%3D\">\n\t\t\t\t\t<div class=\"e-gallery-image elementor-gallery-item__image\" data-thumbnail=\"https:\/\/www.au-donau.at\/heimathaus\/wp-content\/uploads\/2024\/05\/IMG_20240515_191001-225x300.jpg\" data-width=\"225\" data-height=\"300\" aria-label=\"Maiandacht 2024\" role=\"img\" ><\/div>\n\t\t\t\t\t\t\t\t\t\t\t<div class=\"elementor-gallery-item__overlay\"><\/div>\n\t\t\t\t\t\t\t\t\t\t\t\t\t\t<\/a>\n\t\t\t\t\t\t\t<a class=\"e-gallery-item elementor-gallery-item elementor-animated-content\" href=\"https:\/\/www.au-donau.at\/heimathaus\/wp-content\/uploads\/2024\/05\/IMG_20240515_191012-scaled.jpg\" data-elementor-open-lightbox=\"yes\" data-elementor-lightbox-slideshow=\"8800937\" data-elementor-lightbox-title=\"IMG_20240515_191012\" data-e-action-hash=\"#elementor-action%3Aaction%3Dlightbox%26settings%3DeyJpZCI6MTkyMywidXJsIjoiaHR0cHM6XC9cL3d3dy5hdS1kb25hdS5hdFwvaGVpbWF0aGF1c1wvd3AtY29udGVudFwvdXBsb2Fkc1wvMjAyNFwvMDVcL0lNR18yMDI0MDUxNV8xOTEwMTItc2NhbGVkLmpwZyIsInNsaWRlc2hvdyI6Ijg4MDA5MzcifQ%3D%3D\">\n\t\t\t\t\t<div class=\"e-gallery-image elementor-gallery-item__image\" data-thumbnail=\"https:\/\/www.au-donau.at\/heimathaus\/wp-content\/uploads\/2024\/05\/IMG_20240515_191012-300x225.jpg\" data-width=\"300\" data-height=\"225\" aria-label=\"\" role=\"img\" ><\/div>\n\t\t\t\t\t\t\t\t\t\t\t<div class=\"elementor-gallery-item__overlay\"><\/div>\n\t\t\t\t\t\t\t\t\t\t\t\t\t\t<\/a>\n\t\t\t\t\t\t\t<a class=\"e-gallery-item elementor-gallery-item elementor-animated-content\" href=\"https:\/\/www.au-donau.at\/heimathaus\/wp-content\/uploads\/2024\/05\/IMG_20240515_191023-scaled.jpg\" data-elementor-open-lightbox=\"yes\" data-elementor-lightbox-slideshow=\"8800937\" data-elementor-lightbox-title=\"IMG_20240515_191023\" data-e-action-hash=\"#elementor-action%3Aaction%3Dlightbox%26settings%3DeyJpZCI6MTkyNCwidXJsIjoiaHR0cHM6XC9cL3d3dy5hdS1kb25hdS5hdFwvaGVpbWF0aGF1c1wvd3AtY29udGVudFwvdXBsb2Fkc1wvMjAyNFwvMDVcL0lNR18yMDI0MDUxNV8xOTEwMjMtc2NhbGVkLmpwZyIsInNsaWRlc2hvdyI6Ijg4MDA5MzcifQ%3D%3D\">\n\t\t\t\t\t<div class=\"e-gallery-image elementor-gallery-item__image\" data-thumbnail=\"https:\/\/www.au-donau.at\/heimathaus\/wp-content\/uploads\/2024\/05\/IMG_20240515_191023-300x225.jpg\" data-width=\"300\" data-height=\"225\" aria-label=\"\" role=\"img\" ><\/div>\n\t\t\t\t\t\t\t\t\t\t\t<div class=\"elementor-gallery-item__overlay\"><\/div>\n\t\t\t\t\t\t\t\t\t\t\t\t\t\t<\/a>\n\t\t\t\t\t\t\t<a class=\"e-gallery-item elementor-gallery-item elementor-animated-content\" href=\"https:\/\/www.au-donau.at\/heimathaus\/wp-content\/uploads\/2024\/05\/IMG_20240515_191546-scaled.jpg\" data-elementor-open-lightbox=\"yes\" data-elementor-lightbox-slideshow=\"8800937\" data-elementor-lightbox-title=\"IMG_20240515_191546\" data-e-action-hash=\"#elementor-action%3Aaction%3Dlightbox%26settings%3DeyJpZCI6MTkyNiwidXJsIjoiaHR0cHM6XC9cL3d3dy5hdS1kb25hdS5hdFwvaGVpbWF0aGF1c1wvd3AtY29udGVudFwvdXBsb2Fkc1wvMjAyNFwvMDVcL0lNR18yMDI0MDUxNV8xOTE1NDYtc2NhbGVkLmpwZyIsInNsaWRlc2hvdyI6Ijg4MDA5MzcifQ%3D%3D\">\n\t\t\t\t\t<div class=\"e-gallery-image elementor-gallery-item__image\" data-thumbnail=\"https:\/\/www.au-donau.at\/heimathaus\/wp-content\/uploads\/2024\/05\/IMG_20240515_191546-300x225.jpg\" data-width=\"300\" data-height=\"225\" aria-label=\"\" role=\"img\" ><\/div>\n\t\t\t\t\t\t\t\t\t\t\t<div class=\"elementor-gallery-item__overlay\"><\/div>\n\t\t\t\t\t\t\t\t\t\t\t\t\t\t<\/a>\n\t\t\t\t\t<\/div>\n\t\t\t\t\t<\/div>\n\t\t\t\t<\/div>\n\t\t\t\t\t<\/div>\n\t\t\t\t<\/div>\n\t\t\t\t<\/div>\n\t\t","protected":false},"excerpt":{"rendered":"<p>An einem sch\u00f6nen Fr\u00fchlingsabend, fand die dritte Maiandacht im Heimathaus statt. Auf Grund einer Anregung von Pfarrgemeinder\u00e4tin Daniela Achleitner, wurden auch die Bewohner von Sebern dazu eingeladen. Mit den Besuchern aus Oberwagram waren ca. 40 Personen anwesend. Herr Pfarrer Ronald Mutagubya gestaltete die Andacht sehr w\u00fcrdevoll. Unterst\u00fctzt wurde er von Messner Josef Mairhofer und den [&hellip;]<\/p>\n","protected":false},"author":1,"featured_media":0,"comment_status":"closed","ping_status":"closed","sticky":false,"template":"","format":"standard","meta":{"footnotes":""},"categories":[13],"tags":[],"class_list":["post-1917","post","type-post","status-publish","format-standard","hentry","category-rueckblicke"],"_links":{"self":[{"href":"https:\/\/www.au-donau.at\/heimathaus\/wp-json\/wp\/v2\/posts\/1917","targetHints":{"allow":["GET"]}}],"collection":[{"href":"https:\/\/www.au-donau.at\/heimathaus\/wp-json\/wp\/v2\/posts"}],"about":[{"href":"https:\/\/www.au-donau.at\/heimathaus\/wp-json\/wp\/v2\/types\/post"}],"author":[{"embeddable":true,"href":"https:\/\/www.au-donau.at\/heimathaus\/wp-json\/wp\/v2\/users\/1"}],"replies":[{"embeddable":true,"href":"https:\/\/www.au-donau.at\/heimathaus\/wp-json\/wp\/v2\/comments?post=1917"}],"version-history":[{"count":10,"href":"https:\/\/www.au-donau.at\/heimathaus\/wp-json\/wp\/v2\/posts\/1917\/revisions"}],"predecessor-version":[{"id":1935,"href":"https:\/\/www.au-donau.at\/heimathaus\/wp-json\/wp\/v2\/posts\/1917\/revisions\/1935"}],"wp:attachment":[{"href":"https:\/\/www.au-donau.at\/heimathaus\/wp-json\/wp\/v2\/media?parent=1917"}],"wp:term":[{"taxonomy":"category","embeddable":true,"href":"https:\/\/www.au-donau.at\/heimathaus\/wp-json\/wp\/v2\/categories?post=1917"},{"taxonomy":"post_tag","embeddable":true,"href":"https:\/\/www.au-donau.at\/heimathaus\/wp-json\/wp\/v2\/tags?post=1917"}],"curies":[{"name":"wp","href":"https:\/\/api.w.org\/{rel}","templated":true}]}}