{"id":1910,"date":"2023-11-29T12:18:38","date_gmt":"2023-11-29T11:18:38","guid":{"rendered":"https:\/\/www.au-donau.at\/heimathaus2023\/?p=1910"},"modified":"2023-11-29T12:18:38","modified_gmt":"2023-11-29T11:18:38","slug":"kulturverein-forum-naarn-praesentierte-machland-ein-schoener-flecken-erde-von-josef-gusenbauer","status":"publish","type":"post","link":"https:\/\/www.au-donau.at\/heimathaus\/kulturverein-forum-naarn-praesentierte-machland-ein-schoener-flecken-erde-von-josef-gusenbauer\/","title":{"rendered":"Kulturverein Forum Naarn pr\u00e4sentierte \u201eMachland ein sch\u00f6ner Flecken Erde\u201c von Josef Gusenbauer"},"content":{"rendered":"<p style=\"text-align: center;\">Am Donnerstag, den 16.11.2023 veranstaltete der Kulturverein Forum Naarn eine Multivisionsschau. Unter dem Titel \u201eMachland ein sch\u00f6ner Flecken Erde\u201c durfte der Obmann des Kulturvereins Forum Naarn, Harald Lambauer einen vollen Saal begr\u00fc\u00dfen. Die rund 60 Zuseher sahen eine perfekte Multivisionsshow von Josef Gusenbauer (Obmann Fotoclub Perg). Selten ist es bei einer Vorf\u00fchrung so still im Saal gewesen, wie bei diesem Vortrag. Es gab auch Teilnehmer, die sich den Vortrag schon mehrmals ansahen, weil er einfach wirklich so faszinierend und wundersch\u00f6n ist. Die zahlreichen freiwilligen Spenden kamen ausschlie\u00dflich dem Projekt SWAN zugute. Daf\u00fcr m\u00f6chte sich auch Arnold H\u00f6rmann (Obmann von SWAN \u00d6sterreich) bedanken. Der Obmann Harald Lambauer bedankt sich bei den zahlreichen Besuchern, aber besonders bei Josef Gusenbauer f\u00fcr die gro\u00dfartige Vorf\u00fchrung. F\u00fcr n\u00e4chstes Jahr, ist bereits ein weiterer Vortrag in Planung.\u00a0<\/p>\n\n\n<figure class=\"wp-block-image aligncenter size-full\"><a href=\"https:\/\/www.au-donau.at\/heimathaus\/wp-content\/uploads\/2023\/11\/Machland-Spende-fertig.jpg\"><img fetchpriority=\"high\" decoding=\"async\" width=\"598\" height=\"653\" src=\"https:\/\/www.au-donau.at\/heimathaus\/wp-content\/uploads\/2023\/11\/Machland-Spende-fertig.jpg\" alt=\"\" class=\"wp-image-1911\" srcset=\"https:\/\/www.au-donau.at\/heimathaus\/wp-content\/uploads\/2023\/11\/Machland-Spende-fertig.jpg 598w, https:\/\/www.au-donau.at\/heimathaus\/wp-content\/uploads\/2023\/11\/Machland-Spende-fertig-275x300.jpg 275w\" sizes=\"(max-width: 598px) 100vw, 598px\" \/><\/a><\/figure>\n","protected":false},"excerpt":{"rendered":"<p>Am Donnerstag, den 16.11.2023 veranstaltete der Kulturverein Forum Naarn eine Multivisionsschau. Unter dem Titel \u201eMachland ein sch\u00f6ner Flecken Erde\u201c durfte der Obmann des Kulturvereins Forum Naarn, Harald Lambauer einen vollen Saal begr\u00fc\u00dfen. Die rund 60 Zuseher sahen eine perfekte Multivisionsshow von Josef Gusenbauer (Obmann Fotoclub Perg). Selten ist es bei einer Vorf\u00fchrung so still im [&hellip;]<\/p>\n","protected":false},"author":1,"featured_media":0,"comment_status":"closed","ping_status":"closed","sticky":false,"template":"","format":"standard","meta":{"footnotes":""},"categories":[13],"tags":[],"class_list":["post-1910","post","type-post","status-publish","format-standard","hentry","category-rueckblicke"],"_links":{"self":[{"href":"https:\/\/www.au-donau.at\/heimathaus\/wp-json\/wp\/v2\/posts\/1910","targetHints":{"allow":["GET"]}}],"collection":[{"href":"https:\/\/www.au-donau.at\/heimathaus\/wp-json\/wp\/v2\/posts"}],"about":[{"href":"https:\/\/www.au-donau.at\/heimathaus\/wp-json\/wp\/v2\/types\/post"}],"author":[{"embeddable":true,"href":"https:\/\/www.au-donau.at\/heimathaus\/wp-json\/wp\/v2\/users\/1"}],"replies":[{"embeddable":true,"href":"https:\/\/www.au-donau.at\/heimathaus\/wp-json\/wp\/v2\/comments?post=1910"}],"version-history":[{"count":1,"href":"https:\/\/www.au-donau.at\/heimathaus\/wp-json\/wp\/v2\/posts\/1910\/revisions"}],"predecessor-version":[{"id":1912,"href":"https:\/\/www.au-donau.at\/heimathaus\/wp-json\/wp\/v2\/posts\/1910\/revisions\/1912"}],"wp:attachment":[{"href":"https:\/\/www.au-donau.at\/heimathaus\/wp-json\/wp\/v2\/media?parent=1910"}],"wp:term":[{"taxonomy":"category","embeddable":true,"href":"https:\/\/www.au-donau.at\/heimathaus\/wp-json\/wp\/v2\/categories?post=1910"},{"taxonomy":"post_tag","embeddable":true,"href":"https:\/\/www.au-donau.at\/heimathaus\/wp-json\/wp\/v2\/tags?post=1910"}],"curies":[{"name":"wp","href":"https:\/\/api.w.org\/{rel}","templated":true}]}}