{"id":191,"date":"2022-06-09T20:07:00","date_gmt":"2022-06-09T18:07:00","guid":{"rendered":"https:\/\/www.au-donau.at\/heimathaus2023\/?p=191"},"modified":"2023-04-10T07:45:50","modified_gmt":"2023-04-10T05:45:50","slug":"besuch-der-3-a-und-3-b-der-volksschule-naarn","status":"publish","type":"post","link":"https:\/\/www.au-donau.at\/heimathaus\/besuch-der-3-a-und-3-b-der-volksschule-naarn\/","title":{"rendered":"Besuch VS Naarn, 3A und 3B"},"content":{"rendered":"\t\t<div data-elementor-type=\"wp-post\" data-elementor-id=\"191\" class=\"elementor elementor-191\" data-elementor-post-type=\"post\">\n\t\t\t\t\t\t<section class=\"elementor-section elementor-top-section elementor-element elementor-element-4b5f4d4c elementor-section-boxed elementor-section-height-default elementor-section-height-default\" data-id=\"4b5f4d4c\" data-element_type=\"section\" data-e-type=\"section\">\n\t\t\t\t\t\t<div class=\"elementor-container elementor-column-gap-default\">\n\t\t\t\t\t<div class=\"elementor-column elementor-col-100 elementor-top-column elementor-element elementor-element-20e76ddc\" data-id=\"20e76ddc\" data-element_type=\"column\" data-e-type=\"column\">\n\t\t\t<div class=\"elementor-widget-wrap elementor-element-populated\">\n\t\t\t\t\t\t<div class=\"elementor-element elementor-element-580908e5 elementor-widget elementor-widget-text-editor\" data-id=\"580908e5\" data-element_type=\"widget\" data-e-type=\"widget\" data-widget_type=\"text-editor.default\">\n\t\t\t\t<div class=\"elementor-widget-container\">\n\t\t\t\t\t\t\t\t\t\r\n<p style=\"text-align: center;\">Anl\u00e4sslich des 10-j\u00e4hrigen Bestehens des Kulturvereines FORUM NAARN<\/p>\r\n\r\n\r\n\r\n<p style=\"text-align: center;\">wird mit den Sch\u00fclern der 3. Klassen ein Malwettbewerb durchgef\u00fchrt.<\/p>\r\n\r\n\r\n\r\n<p style=\"text-align: center;\">Beim Besuch der Sch\u00fcler im Heimathaus, wurden Ihnen die Themen, Heimathaus,<\/p>\r\n\r\n\r\n\r\n<p style=\"text-align: center;\">Scheiterschwemme und Donaufl\u00f6\u00dferei von Max Mairhofer und Grete Lambauer n\u00e4her gebracht.<\/p>\r\n\r\n\r\n\r\n<p style=\"text-align: center;\">Eine anschlie\u00dfende Gemeinderundfahrt mit dem Bus, rundete die Information ab.<\/p>\r\n\r\n\r\n\r\n<p style=\"text-align: center;\">Die Aufregung war bei allen Kindern sp\u00fcrbar.<\/p>\r\n\r\n\r\n\r\n<p style=\"text-align: center;\">Im Rahmen eines Familiennachmittags am 1.Juli 2022 ab 16.00 Uhr soll die Pr\u00e4mierung und\u00a0Preisverleihung stattfinden. Alle Zeichnungen werden im Museumsraum des Heimathauses ausgestellt.<\/p>\r\n\r\n\r\n\r\n<p style=\"text-align: center;\">F\u00fcr die besten 3 Zeichnungen jeder Klasse gibt es einen kleinen Anerkennungspreis.<\/p>\r\n\t\t\t\t\t\t\t\t<\/div>\n\t\t\t\t<\/div>\n\t\t\t\t\t<\/div>\n\t\t<\/div>\n\t\t\t\t\t<\/div>\n\t\t<\/section>\n\t\t<div class=\"elementor-element elementor-element-3fb14d4 e-flex e-con-boxed e-con e-parent\" data-id=\"3fb14d4\" data-element_type=\"container\" data-e-type=\"container\">\n\t\t\t\t\t<div class=\"e-con-inner\">\n\t\t\t\t<div class=\"elementor-element elementor-element-6a5c7ac elementor-widget elementor-widget-gallery\" data-id=\"6a5c7ac\" data-element_type=\"widget\" data-e-type=\"widget\" data-settings=\"{&quot;columns&quot;:3,&quot;lazyload&quot;:&quot;yes&quot;,&quot;gallery_layout&quot;:&quot;grid&quot;,&quot;columns_tablet&quot;:2,&quot;columns_mobile&quot;:1,&quot;gap&quot;:{&quot;unit&quot;:&quot;px&quot;,&quot;size&quot;:10,&quot;sizes&quot;:[]},&quot;gap_tablet&quot;:{&quot;unit&quot;:&quot;px&quot;,&quot;size&quot;:10,&quot;sizes&quot;:[]},&quot;gap_mobile&quot;:{&quot;unit&quot;:&quot;px&quot;,&quot;size&quot;:10,&quot;sizes&quot;:[]},&quot;link_to&quot;:&quot;file&quot;,&quot;aspect_ratio&quot;:&quot;3:2&quot;,&quot;overlay_background&quot;:&quot;yes&quot;,&quot;content_hover_animation&quot;:&quot;fade-in&quot;}\" data-widget_type=\"gallery.default\">\n\t\t\t\t<div class=\"elementor-widget-container\">\n\t\t\t\t\t\t\t<div class=\"elementor-gallery__container\">\n\t\t\t\t\t\t\t<a class=\"e-gallery-item elementor-gallery-item elementor-animated-content\" href=\"https:\/\/www.au-donau.at\/heimathaus\/wp-content\/uploads\/2023\/04\/425-scaled-1.jpg\" data-elementor-open-lightbox=\"yes\" data-elementor-lightbox-slideshow=\"6a5c7ac\" data-elementor-lightbox-title=\"VS Naarn\" data-e-action-hash=\"#elementor-action%3Aaction%3Dlightbox%26settings%3DeyJpZCI6ODk0LCJ1cmwiOiJodHRwczpcL1wvd3d3LmF1LWRvbmF1LmF0XC9oZWltYXRoYXVzXC93cC1jb250ZW50XC91cGxvYWRzXC8yMDIzXC8wNFwvNDI1LXNjYWxlZC0xLmpwZyIsInNsaWRlc2hvdyI6IjZhNWM3YWMifQ%3D%3D\">\n\t\t\t\t\t<div class=\"e-gallery-image elementor-gallery-item__image\" data-thumbnail=\"https:\/\/www.au-donau.at\/heimathaus\/wp-content\/uploads\/2023\/04\/425-scaled-1-768x576.jpg\" data-width=\"768\" data-height=\"576\" aria-label=\"\" role=\"img\" ><\/div>\n\t\t\t\t\t\t\t\t\t\t\t<div class=\"elementor-gallery-item__overlay\"><\/div>\n\t\t\t\t\t\t\t\t\t\t\t\t\t\t<\/a>\n\t\t\t\t\t\t\t<a class=\"e-gallery-item elementor-gallery-item elementor-animated-content\" href=\"https:\/\/www.au-donau.at\/heimathaus\/wp-content\/uploads\/2023\/04\/453-scaled-1.jpg\" data-elementor-open-lightbox=\"yes\" data-elementor-lightbox-slideshow=\"6a5c7ac\" data-elementor-lightbox-title=\"453-scaled\" data-e-action-hash=\"#elementor-action%3Aaction%3Dlightbox%26settings%3DeyJpZCI6ODk1LCJ1cmwiOiJodHRwczpcL1wvd3d3LmF1LWRvbmF1LmF0XC9oZWltYXRoYXVzXC93cC1jb250ZW50XC91cGxvYWRzXC8yMDIzXC8wNFwvNDUzLXNjYWxlZC0xLmpwZyIsInNsaWRlc2hvdyI6IjZhNWM3YWMifQ%3D%3D\">\n\t\t\t\t\t<div class=\"e-gallery-image elementor-gallery-item__image\" data-thumbnail=\"https:\/\/www.au-donau.at\/heimathaus\/wp-content\/uploads\/2023\/04\/453-scaled-1-768x576.jpg\" data-width=\"768\" data-height=\"576\" aria-label=\"\" role=\"img\" ><\/div>\n\t\t\t\t\t\t\t\t\t\t\t<div class=\"elementor-gallery-item__overlay\"><\/div>\n\t\t\t\t\t\t\t\t\t\t\t\t\t\t<\/a>\n\t\t\t\t\t\t\t<a class=\"e-gallery-item elementor-gallery-item elementor-animated-content\" href=\"https:\/\/www.au-donau.at\/heimathaus\/wp-content\/uploads\/2023\/04\/DSC00593-scaled-1.jpg\" data-elementor-open-lightbox=\"yes\" data-elementor-lightbox-slideshow=\"6a5c7ac\" data-elementor-lightbox-title=\"DSC00593-scaled\" data-e-action-hash=\"#elementor-action%3Aaction%3Dlightbox%26settings%3DeyJpZCI6ODk2LCJ1cmwiOiJodHRwczpcL1wvd3d3LmF1LWRvbmF1LmF0XC9oZWltYXRoYXVzXC93cC1jb250ZW50XC91cGxvYWRzXC8yMDIzXC8wNFwvRFNDMDA1OTMtc2NhbGVkLTEuanBnIiwic2xpZGVzaG93IjoiNmE1YzdhYyJ9\">\n\t\t\t\t\t<div class=\"e-gallery-image elementor-gallery-item__image\" data-thumbnail=\"https:\/\/www.au-donau.at\/heimathaus\/wp-content\/uploads\/2023\/04\/DSC00593-scaled-1-768x576.jpg\" data-width=\"768\" data-height=\"576\" aria-label=\"\" role=\"img\" ><\/div>\n\t\t\t\t\t\t\t\t\t\t\t<div class=\"elementor-gallery-item__overlay\"><\/div>\n\t\t\t\t\t\t\t\t\t\t\t\t\t\t<\/a>\n\t\t\t\t\t\t\t<a class=\"e-gallery-item elementor-gallery-item elementor-animated-content\" href=\"https:\/\/www.au-donau.at\/heimathaus\/wp-content\/uploads\/2023\/04\/WhatsApp-Image-2022-06-12-at-18.36.29.jpeg\" data-elementor-open-lightbox=\"yes\" data-elementor-lightbox-slideshow=\"6a5c7ac\" data-elementor-lightbox-title=\"WhatsApp-Image-2022-06-12-at-18.36.29\" data-e-action-hash=\"#elementor-action%3Aaction%3Dlightbox%26settings%3DeyJpZCI6ODk3LCJ1cmwiOiJodHRwczpcL1wvd3d3LmF1LWRvbmF1LmF0XC9oZWltYXRoYXVzXC93cC1jb250ZW50XC91cGxvYWRzXC8yMDIzXC8wNFwvV2hhdHNBcHAtSW1hZ2UtMjAyMi0wNi0xMi1hdC0xOC4zNi4yOS5qcGVnIiwic2xpZGVzaG93IjoiNmE1YzdhYyJ9\">\n\t\t\t\t\t<div class=\"e-gallery-image elementor-gallery-item__image\" data-thumbnail=\"https:\/\/www.au-donau.at\/heimathaus\/wp-content\/uploads\/2023\/04\/WhatsApp-Image-2022-06-12-at-18.36.29-768x576.jpeg\" data-width=\"768\" data-height=\"576\" aria-label=\"\" role=\"img\" ><\/div>\n\t\t\t\t\t\t\t\t\t\t\t<div class=\"elementor-gallery-item__overlay\"><\/div>\n\t\t\t\t\t\t\t\t\t\t\t\t\t\t<\/a>\n\t\t\t\t\t<\/div>\n\t\t\t\t\t<\/div>\n\t\t\t\t<\/div>\n\t\t\t\t\t<\/div>\n\t\t\t\t<\/div>\n\t\t\t\t<\/div>\n\t\t","protected":false},"excerpt":{"rendered":"<p>Anl\u00e4sslich des 10-j\u00e4hrigen Bestehens des Kulturvereines FORUM NAARN wird mit den Sch\u00fclern der 3. Klassen ein Malwettbewerb durchgef\u00fchrt. Beim Besuch der Sch\u00fcler im Heimathaus, wurden Ihnen die Themen, Heimathaus, Scheiterschwemme und Donaufl\u00f6\u00dferei von Max Mairhofer und Grete Lambauer n\u00e4her gebracht. Eine anschlie\u00dfende Gemeinderundfahrt mit dem Bus, rundete die Information ab. Die Aufregung war bei allen [&hellip;]<\/p>\n","protected":false},"author":1,"featured_media":0,"comment_status":"closed","ping_status":"open","sticky":false,"template":"","format":"standard","meta":{"footnotes":""},"categories":[13],"tags":[],"class_list":["post-191","post","type-post","status-publish","format-standard","hentry","category-rueckblicke"],"_links":{"self":[{"href":"https:\/\/www.au-donau.at\/heimathaus\/wp-json\/wp\/v2\/posts\/191","targetHints":{"allow":["GET"]}}],"collection":[{"href":"https:\/\/www.au-donau.at\/heimathaus\/wp-json\/wp\/v2\/posts"}],"about":[{"href":"https:\/\/www.au-donau.at\/heimathaus\/wp-json\/wp\/v2\/types\/post"}],"author":[{"embeddable":true,"href":"https:\/\/www.au-donau.at\/heimathaus\/wp-json\/wp\/v2\/users\/1"}],"replies":[{"embeddable":true,"href":"https:\/\/www.au-donau.at\/heimathaus\/wp-json\/wp\/v2\/comments?post=191"}],"version-history":[{"count":6,"href":"https:\/\/www.au-donau.at\/heimathaus\/wp-json\/wp\/v2\/posts\/191\/revisions"}],"predecessor-version":[{"id":900,"href":"https:\/\/www.au-donau.at\/heimathaus\/wp-json\/wp\/v2\/posts\/191\/revisions\/900"}],"wp:attachment":[{"href":"https:\/\/www.au-donau.at\/heimathaus\/wp-json\/wp\/v2\/media?parent=191"}],"wp:term":[{"taxonomy":"category","embeddable":true,"href":"https:\/\/www.au-donau.at\/heimathaus\/wp-json\/wp\/v2\/categories?post=191"},{"taxonomy":"post_tag","embeddable":true,"href":"https:\/\/www.au-donau.at\/heimathaus\/wp-json\/wp\/v2\/tags?post=191"}],"curies":[{"name":"wp","href":"https:\/\/api.w.org\/{rel}","templated":true}]}}