{"id":1866,"date":"2023-10-29T12:45:51","date_gmt":"2023-10-29T11:45:51","guid":{"rendered":"https:\/\/www.au-donau.at\/heimathaus2023\/?p=1866"},"modified":"2023-10-29T12:59:04","modified_gmt":"2023-10-29T11:59:04","slug":"jahreshauptversammlung","status":"publish","type":"post","link":"https:\/\/www.au-donau.at\/heimathaus\/jahreshauptversammlung\/","title":{"rendered":"Jahreshauptversammlung"},"content":{"rendered":"\t\t<div data-elementor-type=\"wp-post\" data-elementor-id=\"1866\" class=\"elementor elementor-1866\" data-elementor-post-type=\"post\">\n\t\t\t\t<div class=\"elementor-element elementor-element-5cded88c e-flex e-con-boxed e-con e-parent\" data-id=\"5cded88c\" data-element_type=\"container\" data-e-type=\"container\">\n\t\t\t\t\t<div class=\"e-con-inner\">\n\t\t\t\t<div class=\"elementor-element elementor-element-6b4bb016 elementor-widget elementor-widget-text-editor\" data-id=\"6b4bb016\" data-element_type=\"widget\" data-e-type=\"widget\" data-widget_type=\"text-editor.default\">\n\t\t\t\t<div class=\"elementor-widget-container\">\n\t\t\t\t\t\t\t\t\t<p style=\"text-align: center;\">Bei der Jahreshauptversammlung des Kulturvereins Forum Naarn am 19.10.2023 im Gasthaus Redl mit rund 50 anwesenden Mitgliedern, \u00fcbergab nach 10 Jahren Obmannschaft Max Mairhofer seine Funktion. Er steht aber dem Verein weiterhin als Obmann Stellvertreter zur Verf\u00fcgung. Der neue Obmann Harald Lambauer bedankte sich bei Max Mairhofer f\u00fcr die wertvolle T\u00e4tigkeit im Aufbau des Vereins und dass der Verein so gut dasteht. Der neue Vorstand sieht wie folgt aus. Obmann Harald Lambauer, Obmann Stellvertreter Max Mairhofer, \u00a0Kassierin Katharina Lambauer, Kassierinstellv. Christian Kloibhofer, Schriftf\u00fchrerin Anita Walch, Schriftf\u00fchrerin Stellv. Manuela Aichinger.<\/p>\n<p style=\"text-align: center;\">Der Kulturverein hat auch in Zukunft viel vor. Das oberste Ziel ist aber nach wie vor die Erhaltung des Heimathauses Naarn. Besuchen sie auch die Homepage des Heimathauses.<\/p>\n<p style=\"text-align: center;\"><a href=\"http:\/\/www.heimathaus-naarn.at\">www.heimathaus-naarn.at<\/a> wir freuen uns auch \u00fcber einen Besuch in unserem Schmuckst\u00fcck, nat\u00fcrlich auch gerne bei unseren Veranstaltungen im Jahr 2024.<\/p>\t\t\t\t\t\t\t\t<\/div>\n\t\t\t\t<\/div>\n\t\t\t\t\t<\/div>\n\t\t\t\t<\/div>\n\t\t<div class=\"elementor-element elementor-element-277cce1 e-flex e-con-boxed e-con e-parent\" data-id=\"277cce1\" data-element_type=\"container\" data-e-type=\"container\">\n\t\t\t\t\t<div class=\"e-con-inner\">\n\t\t\t\t<div class=\"elementor-element elementor-element-33a3b2e elementor-widget elementor-widget-gallery\" data-id=\"33a3b2e\" data-element_type=\"widget\" data-e-type=\"widget\" data-settings=\"{&quot;gallery_layout&quot;:&quot;masonry&quot;,&quot;lazyload&quot;:&quot;yes&quot;,&quot;columns&quot;:4,&quot;columns_tablet&quot;:2,&quot;columns_mobile&quot;:1,&quot;gap&quot;:{&quot;unit&quot;:&quot;px&quot;,&quot;size&quot;:10,&quot;sizes&quot;:[]},&quot;gap_tablet&quot;:{&quot;unit&quot;:&quot;px&quot;,&quot;size&quot;:10,&quot;sizes&quot;:[]},&quot;gap_mobile&quot;:{&quot;unit&quot;:&quot;px&quot;,&quot;size&quot;:10,&quot;sizes&quot;:[]},&quot;link_to&quot;:&quot;file&quot;,&quot;overlay_background&quot;:&quot;yes&quot;,&quot;content_hover_animation&quot;:&quot;fade-in&quot;}\" data-widget_type=\"gallery.default\">\n\t\t\t\t<div class=\"elementor-widget-container\">\n\t\t\t\t\t\t\t<div class=\"elementor-gallery__container\">\n\t\t\t\t\t\t\t<a class=\"e-gallery-item elementor-gallery-item elementor-animated-content\" href=\"https:\/\/www.au-donau.at\/heimathaus\/wp-content\/uploads\/2023\/10\/JHV-Kulturverein-Naarn-2023_119.-Oktober-2023.jpg\" data-elementor-open-lightbox=\"yes\" data-elementor-lightbox-slideshow=\"33a3b2e\" data-elementor-lightbox-title=\"JHV Kulturverein Naarn 2023_119. Oktober 2023\" data-e-action-hash=\"#elementor-action%3Aaction%3Dlightbox%26settings%3DeyJpZCI6MTg4MSwidXJsIjoiaHR0cHM6XC9cL3d3dy5hdS1kb25hdS5hdFwvaGVpbWF0aGF1c1wvd3AtY29udGVudFwvdXBsb2Fkc1wvMjAyM1wvMTBcL0pIVi1LdWx0dXJ2ZXJlaW4tTmFhcm4tMjAyM18xMTkuLU9rdG9iZXItMjAyMy5qcGciLCJzbGlkZXNob3ciOiIzM2EzYjJlIn0%3D\">\n\t\t\t\t\t<div class=\"e-gallery-image elementor-gallery-item__image\" data-thumbnail=\"https:\/\/www.au-donau.at\/heimathaus\/wp-content\/uploads\/2023\/10\/JHV-Kulturverein-Naarn-2023_119.-Oktober-2023-768x512.jpg\" data-width=\"768\" data-height=\"512\" aria-label=\"\" role=\"img\" ><\/div>\n\t\t\t\t\t\t\t\t\t\t\t<div class=\"elementor-gallery-item__overlay\"><\/div>\n\t\t\t\t\t\t\t\t\t\t\t\t\t\t<\/a>\n\t\t\t\t\t\t\t<a class=\"e-gallery-item elementor-gallery-item elementor-animated-content\" href=\"https:\/\/www.au-donau.at\/heimathaus\/wp-content\/uploads\/2023\/10\/JHV-Kulturverein-Naarn-2023_219.-Oktober-2023.jpg\" data-elementor-open-lightbox=\"yes\" data-elementor-lightbox-slideshow=\"33a3b2e\" data-elementor-lightbox-title=\"JHV Kulturverein Naarn 2023_219. Oktober 2023\" data-e-action-hash=\"#elementor-action%3Aaction%3Dlightbox%26settings%3DeyJpZCI6MTg4MiwidXJsIjoiaHR0cHM6XC9cL3d3dy5hdS1kb25hdS5hdFwvaGVpbWF0aGF1c1wvd3AtY29udGVudFwvdXBsb2Fkc1wvMjAyM1wvMTBcL0pIVi1LdWx0dXJ2ZXJlaW4tTmFhcm4tMjAyM18yMTkuLU9rdG9iZXItMjAyMy5qcGciLCJzbGlkZXNob3ciOiIzM2EzYjJlIn0%3D\">\n\t\t\t\t\t<div class=\"e-gallery-image elementor-gallery-item__image\" data-thumbnail=\"https:\/\/www.au-donau.at\/heimathaus\/wp-content\/uploads\/2023\/10\/JHV-Kulturverein-Naarn-2023_219.-Oktober-2023-768x512.jpg\" data-width=\"768\" data-height=\"512\" aria-label=\"\" role=\"img\" ><\/div>\n\t\t\t\t\t\t\t\t\t\t\t<div class=\"elementor-gallery-item__overlay\"><\/div>\n\t\t\t\t\t\t\t\t\t\t\t\t\t\t<\/a>\n\t\t\t\t\t\t\t<a class=\"e-gallery-item elementor-gallery-item elementor-animated-content\" href=\"https:\/\/www.au-donau.at\/heimathaus\/wp-content\/uploads\/2023\/10\/JHV-Kulturverein-Naarn-2023_319.-Oktober-2023.jpg\" data-elementor-open-lightbox=\"yes\" data-elementor-lightbox-slideshow=\"33a3b2e\" data-elementor-lightbox-title=\"JHV Kulturverein Naarn 2023_319. Oktober 2023\" data-e-action-hash=\"#elementor-action%3Aaction%3Dlightbox%26settings%3DeyJpZCI6MTg4MywidXJsIjoiaHR0cHM6XC9cL3d3dy5hdS1kb25hdS5hdFwvaGVpbWF0aGF1c1wvd3AtY29udGVudFwvdXBsb2Fkc1wvMjAyM1wvMTBcL0pIVi1LdWx0dXJ2ZXJlaW4tTmFhcm4tMjAyM18zMTkuLU9rdG9iZXItMjAyMy5qcGciLCJzbGlkZXNob3ciOiIzM2EzYjJlIn0%3D\">\n\t\t\t\t\t<div class=\"e-gallery-image elementor-gallery-item__image\" data-thumbnail=\"https:\/\/www.au-donau.at\/heimathaus\/wp-content\/uploads\/2023\/10\/JHV-Kulturverein-Naarn-2023_319.-Oktober-2023-768x512.jpg\" data-width=\"768\" data-height=\"512\" aria-label=\"\" role=\"img\" ><\/div>\n\t\t\t\t\t\t\t\t\t\t\t<div class=\"elementor-gallery-item__overlay\"><\/div>\n\t\t\t\t\t\t\t\t\t\t\t\t\t\t<\/a>\n\t\t\t\t\t\t\t<a class=\"e-gallery-item elementor-gallery-item elementor-animated-content\" href=\"https:\/\/www.au-donau.at\/heimathaus\/wp-content\/uploads\/2023\/10\/JHV-Kulturverein-Naarn-2023_419.-Oktober-2023.jpg\" data-elementor-open-lightbox=\"yes\" data-elementor-lightbox-slideshow=\"33a3b2e\" data-elementor-lightbox-title=\"JHV Kulturverein Naarn 2023_419. Oktober 2023\" data-e-action-hash=\"#elementor-action%3Aaction%3Dlightbox%26settings%3DeyJpZCI6MTg4NCwidXJsIjoiaHR0cHM6XC9cL3d3dy5hdS1kb25hdS5hdFwvaGVpbWF0aGF1c1wvd3AtY29udGVudFwvdXBsb2Fkc1wvMjAyM1wvMTBcL0pIVi1LdWx0dXJ2ZXJlaW4tTmFhcm4tMjAyM180MTkuLU9rdG9iZXItMjAyMy5qcGciLCJzbGlkZXNob3ciOiIzM2EzYjJlIn0%3D\">\n\t\t\t\t\t<div class=\"e-gallery-image elementor-gallery-item__image\" data-thumbnail=\"https:\/\/www.au-donau.at\/heimathaus\/wp-content\/uploads\/2023\/10\/JHV-Kulturverein-Naarn-2023_419.-Oktober-2023-768x512.jpg\" data-width=\"768\" data-height=\"512\" aria-label=\"\" role=\"img\" ><\/div>\n\t\t\t\t\t\t\t\t\t\t\t<div class=\"elementor-gallery-item__overlay\"><\/div>\n\t\t\t\t\t\t\t\t\t\t\t\t\t\t<\/a>\n\t\t\t\t\t\t\t<a class=\"e-gallery-item elementor-gallery-item elementor-animated-content\" href=\"https:\/\/www.au-donau.at\/heimathaus\/wp-content\/uploads\/2023\/10\/JHV-Kulturverein-Naarn-2023_519.-Oktober-2023.jpg\" data-elementor-open-lightbox=\"yes\" data-elementor-lightbox-slideshow=\"33a3b2e\" data-elementor-lightbox-title=\"JHV Kulturverein Naarn 2023_519. Oktober 2023\" data-e-action-hash=\"#elementor-action%3Aaction%3Dlightbox%26settings%3DeyJpZCI6MTg4NSwidXJsIjoiaHR0cHM6XC9cL3d3dy5hdS1kb25hdS5hdFwvaGVpbWF0aGF1c1wvd3AtY29udGVudFwvdXBsb2Fkc1wvMjAyM1wvMTBcL0pIVi1LdWx0dXJ2ZXJlaW4tTmFhcm4tMjAyM181MTkuLU9rdG9iZXItMjAyMy5qcGciLCJzbGlkZXNob3ciOiIzM2EzYjJlIn0%3D\">\n\t\t\t\t\t<div class=\"e-gallery-image elementor-gallery-item__image\" data-thumbnail=\"https:\/\/www.au-donau.at\/heimathaus\/wp-content\/uploads\/2023\/10\/JHV-Kulturverein-Naarn-2023_519.-Oktober-2023-768x512.jpg\" data-width=\"768\" data-height=\"512\" aria-label=\"\" role=\"img\" ><\/div>\n\t\t\t\t\t\t\t\t\t\t\t<div class=\"elementor-gallery-item__overlay\"><\/div>\n\t\t\t\t\t\t\t\t\t\t\t\t\t\t<\/a>\n\t\t\t\t\t\t\t<a class=\"e-gallery-item elementor-gallery-item elementor-animated-content\" href=\"https:\/\/www.au-donau.at\/heimathaus\/wp-content\/uploads\/2023\/10\/JHV-Kulturverein-Naarn-2023_619.-Oktober-2023.jpg\" data-elementor-open-lightbox=\"yes\" data-elementor-lightbox-slideshow=\"33a3b2e\" data-elementor-lightbox-title=\"JHV Kulturverein Naarn 2023_619. Oktober 2023\" data-e-action-hash=\"#elementor-action%3Aaction%3Dlightbox%26settings%3DeyJpZCI6MTg4NiwidXJsIjoiaHR0cHM6XC9cL3d3dy5hdS1kb25hdS5hdFwvaGVpbWF0aGF1c1wvd3AtY29udGVudFwvdXBsb2Fkc1wvMjAyM1wvMTBcL0pIVi1LdWx0dXJ2ZXJlaW4tTmFhcm4tMjAyM182MTkuLU9rdG9iZXItMjAyMy5qcGciLCJzbGlkZXNob3ciOiIzM2EzYjJlIn0%3D\">\n\t\t\t\t\t<div class=\"e-gallery-image elementor-gallery-item__image\" data-thumbnail=\"https:\/\/www.au-donau.at\/heimathaus\/wp-content\/uploads\/2023\/10\/JHV-Kulturverein-Naarn-2023_619.-Oktober-2023-768x512.jpg\" data-width=\"768\" data-height=\"512\" aria-label=\"\" role=\"img\" ><\/div>\n\t\t\t\t\t\t\t\t\t\t\t<div class=\"elementor-gallery-item__overlay\"><\/div>\n\t\t\t\t\t\t\t\t\t\t\t\t\t\t<\/a>\n\t\t\t\t\t\t\t<a class=\"e-gallery-item elementor-gallery-item elementor-animated-content\" href=\"https:\/\/www.au-donau.at\/heimathaus\/wp-content\/uploads\/2023\/10\/JHV-Kulturverein-Naarn-2023_719.-Oktober-2023.jpg\" data-elementor-open-lightbox=\"yes\" data-elementor-lightbox-slideshow=\"33a3b2e\" data-elementor-lightbox-title=\"JHV Kulturverein Naarn 2023_719. Oktober 2023\" data-e-action-hash=\"#elementor-action%3Aaction%3Dlightbox%26settings%3DeyJpZCI6MTg4NywidXJsIjoiaHR0cHM6XC9cL3d3dy5hdS1kb25hdS5hdFwvaGVpbWF0aGF1c1wvd3AtY29udGVudFwvdXBsb2Fkc1wvMjAyM1wvMTBcL0pIVi1LdWx0dXJ2ZXJlaW4tTmFhcm4tMjAyM183MTkuLU9rdG9iZXItMjAyMy5qcGciLCJzbGlkZXNob3ciOiIzM2EzYjJlIn0%3D\">\n\t\t\t\t\t<div class=\"e-gallery-image elementor-gallery-item__image\" data-thumbnail=\"https:\/\/www.au-donau.at\/heimathaus\/wp-content\/uploads\/2023\/10\/JHV-Kulturverein-Naarn-2023_719.-Oktober-2023-768x512.jpg\" data-width=\"768\" data-height=\"512\" aria-label=\"\" role=\"img\" ><\/div>\n\t\t\t\t\t\t\t\t\t\t\t<div class=\"elementor-gallery-item__overlay\"><\/div>\n\t\t\t\t\t\t\t\t\t\t\t\t\t\t<\/a>\n\t\t\t\t\t\t\t<a class=\"e-gallery-item elementor-gallery-item elementor-animated-content\" href=\"https:\/\/www.au-donau.at\/heimathaus\/wp-content\/uploads\/2023\/10\/JHV-Kulturverein-Naarn-2023_819.-Oktober-2023.jpg\" data-elementor-open-lightbox=\"yes\" data-elementor-lightbox-slideshow=\"33a3b2e\" data-elementor-lightbox-title=\"JHV Kulturverein Naarn 2023_819. Oktober 2023\" data-e-action-hash=\"#elementor-action%3Aaction%3Dlightbox%26settings%3DeyJpZCI6MTg4OCwidXJsIjoiaHR0cHM6XC9cL3d3dy5hdS1kb25hdS5hdFwvaGVpbWF0aGF1c1wvd3AtY29udGVudFwvdXBsb2Fkc1wvMjAyM1wvMTBcL0pIVi1LdWx0dXJ2ZXJlaW4tTmFhcm4tMjAyM184MTkuLU9rdG9iZXItMjAyMy5qcGciLCJzbGlkZXNob3ciOiIzM2EzYjJlIn0%3D\">\n\t\t\t\t\t<div class=\"e-gallery-image elementor-gallery-item__image\" data-thumbnail=\"https:\/\/www.au-donau.at\/heimathaus\/wp-content\/uploads\/2023\/10\/JHV-Kulturverein-Naarn-2023_819.-Oktober-2023-768x512.jpg\" data-width=\"768\" data-height=\"512\" aria-label=\"\" role=\"img\" ><\/div>\n\t\t\t\t\t\t\t\t\t\t\t<div class=\"elementor-gallery-item__overlay\"><\/div>\n\t\t\t\t\t\t\t\t\t\t\t\t\t\t<\/a>\n\t\t\t\t\t\t\t<a class=\"e-gallery-item elementor-gallery-item elementor-animated-content\" href=\"https:\/\/www.au-donau.at\/heimathaus\/wp-content\/uploads\/2023\/10\/JHV-Kulturverein-Naarn-2023_919.-Oktober-2023.jpg\" data-elementor-open-lightbox=\"yes\" data-elementor-lightbox-slideshow=\"33a3b2e\" data-elementor-lightbox-title=\"JHV Kulturverein Naarn 2023_919. Oktober 2023\" data-e-action-hash=\"#elementor-action%3Aaction%3Dlightbox%26settings%3DeyJpZCI6MTg4OSwidXJsIjoiaHR0cHM6XC9cL3d3dy5hdS1kb25hdS5hdFwvaGVpbWF0aGF1c1wvd3AtY29udGVudFwvdXBsb2Fkc1wvMjAyM1wvMTBcL0pIVi1LdWx0dXJ2ZXJlaW4tTmFhcm4tMjAyM185MTkuLU9rdG9iZXItMjAyMy5qcGciLCJzbGlkZXNob3ciOiIzM2EzYjJlIn0%3D\">\n\t\t\t\t\t<div class=\"e-gallery-image elementor-gallery-item__image\" data-thumbnail=\"https:\/\/www.au-donau.at\/heimathaus\/wp-content\/uploads\/2023\/10\/JHV-Kulturverein-Naarn-2023_919.-Oktober-2023-768x512.jpg\" data-width=\"768\" data-height=\"512\" aria-label=\"\" role=\"img\" ><\/div>\n\t\t\t\t\t\t\t\t\t\t\t<div class=\"elementor-gallery-item__overlay\"><\/div>\n\t\t\t\t\t\t\t\t\t\t\t\t\t\t<\/a>\n\t\t\t\t\t\t\t<a class=\"e-gallery-item elementor-gallery-item elementor-animated-content\" href=\"https:\/\/www.au-donau.at\/heimathaus\/wp-content\/uploads\/2023\/10\/JHV-Kulturverein-Naarn-2023_1019.-Oktober-2023.jpg\" data-elementor-open-lightbox=\"yes\" data-elementor-lightbox-slideshow=\"33a3b2e\" data-elementor-lightbox-title=\"JHV Kulturverein Naarn 2023_1019. Oktober 2023\" data-e-action-hash=\"#elementor-action%3Aaction%3Dlightbox%26settings%3DeyJpZCI6MTg5MCwidXJsIjoiaHR0cHM6XC9cL3d3dy5hdS1kb25hdS5hdFwvaGVpbWF0aGF1c1wvd3AtY29udGVudFwvdXBsb2Fkc1wvMjAyM1wvMTBcL0pIVi1LdWx0dXJ2ZXJlaW4tTmFhcm4tMjAyM18xMDE5Li1Pa3RvYmVyLTIwMjMuanBnIiwic2xpZGVzaG93IjoiMzNhM2IyZSJ9\">\n\t\t\t\t\t<div class=\"e-gallery-image elementor-gallery-item__image\" data-thumbnail=\"https:\/\/www.au-donau.at\/heimathaus\/wp-content\/uploads\/2023\/10\/JHV-Kulturverein-Naarn-2023_1019.-Oktober-2023-768x512.jpg\" data-width=\"768\" data-height=\"512\" aria-label=\"\" role=\"img\" ><\/div>\n\t\t\t\t\t\t\t\t\t\t\t<div class=\"elementor-gallery-item__overlay\"><\/div>\n\t\t\t\t\t\t\t\t\t\t\t\t\t\t<\/a>\n\t\t\t\t\t\t\t<a class=\"e-gallery-item elementor-gallery-item elementor-animated-content\" href=\"https:\/\/www.au-donau.at\/heimathaus\/wp-content\/uploads\/2023\/10\/JHV-Kulturverein-Naarn-2023_1119.-Oktober-2023.jpg\" data-elementor-open-lightbox=\"yes\" data-elementor-lightbox-slideshow=\"33a3b2e\" data-elementor-lightbox-title=\"JHV Kulturverein Naarn 2023_1119. Oktober 2023\" data-e-action-hash=\"#elementor-action%3Aaction%3Dlightbox%26settings%3DeyJpZCI6MTg5MSwidXJsIjoiaHR0cHM6XC9cL3d3dy5hdS1kb25hdS5hdFwvaGVpbWF0aGF1c1wvd3AtY29udGVudFwvdXBsb2Fkc1wvMjAyM1wvMTBcL0pIVi1LdWx0dXJ2ZXJlaW4tTmFhcm4tMjAyM18xMTE5Li1Pa3RvYmVyLTIwMjMuanBnIiwic2xpZGVzaG93IjoiMzNhM2IyZSJ9\">\n\t\t\t\t\t<div class=\"e-gallery-image elementor-gallery-item__image\" data-thumbnail=\"https:\/\/www.au-donau.at\/heimathaus\/wp-content\/uploads\/2023\/10\/JHV-Kulturverein-Naarn-2023_1119.-Oktober-2023-768x512.jpg\" data-width=\"768\" data-height=\"512\" aria-label=\"\" role=\"img\" ><\/div>\n\t\t\t\t\t\t\t\t\t\t\t<div class=\"elementor-gallery-item__overlay\"><\/div>\n\t\t\t\t\t\t\t\t\t\t\t\t\t\t<\/a>\n\t\t\t\t\t\t\t<a class=\"e-gallery-item elementor-gallery-item elementor-animated-content\" href=\"https:\/\/www.au-donau.at\/heimathaus\/wp-content\/uploads\/2023\/10\/JHV-Kulturverein-Naarn-2023_1219.-Oktober-2023.jpg\" data-elementor-open-lightbox=\"yes\" data-elementor-lightbox-slideshow=\"33a3b2e\" data-elementor-lightbox-title=\"JHV Kulturverein Naarn 2023_1219. Oktober 2023\" data-e-action-hash=\"#elementor-action%3Aaction%3Dlightbox%26settings%3DeyJpZCI6MTg5MiwidXJsIjoiaHR0cHM6XC9cL3d3dy5hdS1kb25hdS5hdFwvaGVpbWF0aGF1c1wvd3AtY29udGVudFwvdXBsb2Fkc1wvMjAyM1wvMTBcL0pIVi1LdWx0dXJ2ZXJlaW4tTmFhcm4tMjAyM18xMjE5Li1Pa3RvYmVyLTIwMjMuanBnIiwic2xpZGVzaG93IjoiMzNhM2IyZSJ9\">\n\t\t\t\t\t<div class=\"e-gallery-image elementor-gallery-item__image\" data-thumbnail=\"https:\/\/www.au-donau.at\/heimathaus\/wp-content\/uploads\/2023\/10\/JHV-Kulturverein-Naarn-2023_1219.-Oktober-2023-768x432.jpg\" data-width=\"768\" data-height=\"432\" aria-label=\"\" role=\"img\" ><\/div>\n\t\t\t\t\t\t\t\t\t\t\t<div class=\"elementor-gallery-item__overlay\"><\/div>\n\t\t\t\t\t\t\t\t\t\t\t\t\t\t<\/a>\n\t\t\t\t\t<\/div>\n\t\t\t\t\t<\/div>\n\t\t\t\t<\/div>\n\t\t\t\t\t<\/div>\n\t\t\t\t<\/div>\n\t\t\t\t<\/div>\n\t\t","protected":false},"excerpt":{"rendered":"<p>Bei der Jahreshauptversammlung des Kulturvereins Forum Naarn am 19.10.2023 im Gasthaus Redl mit rund 50 anwesenden Mitgliedern, \u00fcbergab nach 10 Jahren Obmannschaft Max Mairhofer seine Funktion. Er steht aber dem Verein weiterhin als Obmann Stellvertreter zur Verf\u00fcgung. Der neue Obmann Harald Lambauer bedankte sich bei Max Mairhofer f\u00fcr die wertvolle T\u00e4tigkeit im Aufbau des Vereins [&hellip;]<\/p>\n","protected":false},"author":1,"featured_media":0,"comment_status":"closed","ping_status":"closed","sticky":false,"template":"","format":"standard","meta":{"footnotes":""},"categories":[13],"tags":[],"class_list":["post-1866","post","type-post","status-publish","format-standard","hentry","category-rueckblicke"],"_links":{"self":[{"href":"https:\/\/www.au-donau.at\/heimathaus\/wp-json\/wp\/v2\/posts\/1866","targetHints":{"allow":["GET"]}}],"collection":[{"href":"https:\/\/www.au-donau.at\/heimathaus\/wp-json\/wp\/v2\/posts"}],"about":[{"href":"https:\/\/www.au-donau.at\/heimathaus\/wp-json\/wp\/v2\/types\/post"}],"author":[{"embeddable":true,"href":"https:\/\/www.au-donau.at\/heimathaus\/wp-json\/wp\/v2\/users\/1"}],"replies":[{"embeddable":true,"href":"https:\/\/www.au-donau.at\/heimathaus\/wp-json\/wp\/v2\/comments?post=1866"}],"version-history":[{"count":4,"href":"https:\/\/www.au-donau.at\/heimathaus\/wp-json\/wp\/v2\/posts\/1866\/revisions"}],"predecessor-version":[{"id":1895,"href":"https:\/\/www.au-donau.at\/heimathaus\/wp-json\/wp\/v2\/posts\/1866\/revisions\/1895"}],"wp:attachment":[{"href":"https:\/\/www.au-donau.at\/heimathaus\/wp-json\/wp\/v2\/media?parent=1866"}],"wp:term":[{"taxonomy":"category","embeddable":true,"href":"https:\/\/www.au-donau.at\/heimathaus\/wp-json\/wp\/v2\/categories?post=1866"},{"taxonomy":"post_tag","embeddable":true,"href":"https:\/\/www.au-donau.at\/heimathaus\/wp-json\/wp\/v2\/tags?post=1866"}],"curies":[{"name":"wp","href":"https:\/\/api.w.org\/{rel}","templated":true}]}}