{"id":181,"date":"2022-05-17T19:45:00","date_gmt":"2022-05-17T17:45:00","guid":{"rendered":"https:\/\/www.au-donau.at\/heimathaus2023\/?p=181"},"modified":"2023-06-21T22:41:47","modified_gmt":"2023-06-21T20:41:47","slug":"maiandacht-im-heimathaus","status":"publish","type":"post","link":"https:\/\/www.au-donau.at\/heimathaus\/maiandacht-im-heimathaus\/","title":{"rendered":"Maiandacht im Heimathaus"},"content":{"rendered":"\t\t<div data-elementor-type=\"wp-post\" data-elementor-id=\"181\" class=\"elementor elementor-181\" data-elementor-post-type=\"post\">\n\t\t\t\t\t\t<section class=\"elementor-section elementor-top-section elementor-element elementor-element-190dc3ea elementor-section-boxed elementor-section-height-default elementor-section-height-default\" data-id=\"190dc3ea\" data-element_type=\"section\" data-e-type=\"section\">\n\t\t\t\t\t\t<div class=\"elementor-container elementor-column-gap-default\">\n\t\t\t\t\t<div class=\"elementor-column elementor-col-100 elementor-top-column elementor-element elementor-element-767e25ce\" data-id=\"767e25ce\" data-element_type=\"column\" data-e-type=\"column\">\n\t\t\t<div class=\"elementor-widget-wrap elementor-element-populated\">\n\t\t\t\t\t\t<div class=\"elementor-element elementor-element-23f2216b elementor-widget elementor-widget-text-editor\" data-id=\"23f2216b\" data-element_type=\"widget\" data-e-type=\"widget\" data-widget_type=\"text-editor.default\">\n\t\t\t\t<div class=\"elementor-widget-container\">\n\t\t\t\t\t\t\t\t\t\n<p style=\"text-align: center;\">Nach mehreren Anl\u00e4ufen fand am 17.5.2022 im Heimathaus<\/p>\n\n<p style=\"text-align: center;\">eine Maiandacht und Feldfr\u00fcchtemesse f\u00fcr die Ortschaft<\/p>\n\n<p style=\"text-align: center;\">Oberwagram statt. 30 Besucher waren der Einladung gefolgt.<\/p>\n\n<p style=\"text-align: center;\">Pastoralassistentin Pauline Fr\u00f6schl hat die Andacht sehr w\u00fcrdig<\/p>\n\n<p style=\"text-align: center;\">gestaltet.<\/p>\n\n<p style=\"text-align: center;\">Im Anschluss lud unser Verein auf Getr\u00e4nke und Kuchen ein.<\/p>\n\n<p style=\"text-align: center;\">Die k\u00f6stlichen Kuchen wurden dankenswerter Weise von Daniela Achleitner,<\/p>\n\n<p style=\"text-align: center;\">Johanna Pissenberger und Margarete Raab gespendet.<\/p>\n\n<p style=\"text-align: center;\">Danke auch den Helfern Marianne Mairhofer, Hildegard Aigner,<\/p>\n\n<p style=\"text-align: center;\">Anita Walch und Max Mairhofer.<\/p>\n\n<p style=\"text-align: center;\">Der Erl\u00f6s der freiwilligen Spenden wurde der Pfarrkirche Naarn zur<\/p>\n\n<p style=\"text-align: center;\">Verf\u00fcgung gestellt.<\/p>\n\n<p style=\"text-align: center;\">Eine sehr gut gelungene Veranstaltung, die auch im n\u00e4chsten Jahr<\/p>\n\n<p style=\"text-align: center;\">wieder stattfinden soll.<\/p>\n\t\t\t\t\t\t\t\t<\/div>\n\t\t\t\t<\/div>\n\t\t\t\t\t<\/div>\n\t\t<\/div>\n\t\t\t\t\t<\/div>\n\t\t<\/section>\n\t\t\t\t<\/div>\n\t\t","protected":false},"excerpt":{"rendered":"<p>Nach mehreren Anl\u00e4ufen fand am 17.5.2022 im Heimathaus eine Maiandacht und Feldfr\u00fcchtemesse f\u00fcr die Ortschaft Oberwagram statt. 30 Besucher waren der Einladung gefolgt. Pastoralassistentin Pauline Fr\u00f6schl hat die Andacht sehr w\u00fcrdig gestaltet. Im Anschluss lud unser Verein auf Getr\u00e4nke und Kuchen ein. Die k\u00f6stlichen Kuchen wurden dankenswerter Weise von Daniela Achleitner, Johanna Pissenberger und Margarete [&hellip;]<\/p>\n","protected":false},"author":1,"featured_media":0,"comment_status":"closed","ping_status":"open","sticky":false,"template":"","format":"standard","meta":{"footnotes":""},"categories":[13],"tags":[],"class_list":["post-181","post","type-post","status-publish","format-standard","hentry","category-rueckblicke"],"_links":{"self":[{"href":"https:\/\/www.au-donau.at\/heimathaus\/wp-json\/wp\/v2\/posts\/181","targetHints":{"allow":["GET"]}}],"collection":[{"href":"https:\/\/www.au-donau.at\/heimathaus\/wp-json\/wp\/v2\/posts"}],"about":[{"href":"https:\/\/www.au-donau.at\/heimathaus\/wp-json\/wp\/v2\/types\/post"}],"author":[{"embeddable":true,"href":"https:\/\/www.au-donau.at\/heimathaus\/wp-json\/wp\/v2\/users\/1"}],"replies":[{"embeddable":true,"href":"https:\/\/www.au-donau.at\/heimathaus\/wp-json\/wp\/v2\/comments?post=181"}],"version-history":[{"count":5,"href":"https:\/\/www.au-donau.at\/heimathaus\/wp-json\/wp\/v2\/posts\/181\/revisions"}],"predecessor-version":[{"id":1624,"href":"https:\/\/www.au-donau.at\/heimathaus\/wp-json\/wp\/v2\/posts\/181\/revisions\/1624"}],"wp:attachment":[{"href":"https:\/\/www.au-donau.at\/heimathaus\/wp-json\/wp\/v2\/media?parent=181"}],"wp:term":[{"taxonomy":"category","embeddable":true,"href":"https:\/\/www.au-donau.at\/heimathaus\/wp-json\/wp\/v2\/categories?post=181"},{"taxonomy":"post_tag","embeddable":true,"href":"https:\/\/www.au-donau.at\/heimathaus\/wp-json\/wp\/v2\/tags?post=181"}],"curies":[{"name":"wp","href":"https:\/\/api.w.org\/{rel}","templated":true}]}}