{"id":1670,"date":"2023-07-06T16:29:40","date_gmt":"2023-07-06T14:29:40","guid":{"rendered":"https:\/\/www.au-donau.at\/heimathaus2023\/?p=1670"},"modified":"2023-07-07T13:17:55","modified_gmt":"2023-07-07T11:17:55","slug":"besuch-von-ungarischen-gaesten-im-heimathaus","status":"publish","type":"post","link":"https:\/\/www.au-donau.at\/heimathaus\/besuch-von-ungarischen-gaesten-im-heimathaus\/","title":{"rendered":"Besuch von ungarischen G\u00e4sten im Heimathaus"},"content":{"rendered":"\t\t<div data-elementor-type=\"wp-post\" data-elementor-id=\"1670\" class=\"elementor elementor-1670\" data-elementor-post-type=\"post\">\n\t\t\t\t\t\t<section class=\"elementor-section elementor-top-section elementor-element elementor-element-519294c1 elementor-section-boxed elementor-section-height-default elementor-section-height-default\" data-id=\"519294c1\" data-element_type=\"section\" data-e-type=\"section\">\n\t\t\t\t\t\t<div class=\"elementor-container elementor-column-gap-default\">\n\t\t\t\t\t<div class=\"elementor-column elementor-col-100 elementor-top-column elementor-element elementor-element-600fe6a2\" data-id=\"600fe6a2\" data-element_type=\"column\" data-e-type=\"column\">\n\t\t\t<div class=\"elementor-widget-wrap elementor-element-populated\">\n\t\t\t\t\t\t<div class=\"elementor-element elementor-element-26ea1155 elementor-widget elementor-widget-text-editor\" data-id=\"26ea1155\" data-element_type=\"widget\" data-e-type=\"widget\" data-widget_type=\"text-editor.default\">\n\t\t\t\t<div class=\"elementor-widget-container\">\n\t\t\t\t\t\t\t\t\t<p style=\"text-align: center;\">In Begleitung von B\u00fcrgermeister Martin Gaisberger und seiner Frau Andrea, <br \/>besuchte eine Delegation aus der zuk\u00fcnftigen Partnergemeinde\u00a0<br \/>ERSEKCSANAD am 30. Juni 2023 das Naarner Heimathaus.<\/p><p style=\"text-align: center;\">Obmann Max Mairhofer f\u00fchrte die G\u00e4ste durch das Heimathaus und <br \/>zeigte Ihnen auch den Film \u00fcber die Holzschwemme auf der Aist und die<br \/>Donaufl\u00f6\u00dferei.<\/p><p style=\"text-align: center;\">Eine ungarische Richterin \u00fcbernahm die Rolle der Dolmetscherin, sodass die<br \/>Delegation einen guten Eindruck \u00fcber das Leben und die Arbeit der l\u00e4ngst<br \/>vergangenen Zeit bekam.<\/p><p style=\"text-align: center;\">Der B\u00fcrgermeister des ungarischen Ortes und B\u00fcrgermeister Martin Gaisberger <br \/>bedankten sich f\u00fcr die aufschlussreiche F\u00fchrung.<\/p>\t\t\t\t\t\t\t\t<\/div>\n\t\t\t\t<\/div>\n\t\t\t\t<div class=\"elementor-element elementor-element-faa8fdd elementor-widget elementor-widget-gallery\" data-id=\"faa8fdd\" data-element_type=\"widget\" data-e-type=\"widget\" data-settings=\"{&quot;columns&quot;:1,&quot;columns_tablet&quot;:1,&quot;lazyload&quot;:&quot;yes&quot;,&quot;gallery_layout&quot;:&quot;grid&quot;,&quot;columns_mobile&quot;:1,&quot;gap&quot;:{&quot;unit&quot;:&quot;px&quot;,&quot;size&quot;:10,&quot;sizes&quot;:[]},&quot;gap_tablet&quot;:{&quot;unit&quot;:&quot;px&quot;,&quot;size&quot;:10,&quot;sizes&quot;:[]},&quot;gap_mobile&quot;:{&quot;unit&quot;:&quot;px&quot;,&quot;size&quot;:10,&quot;sizes&quot;:[]},&quot;link_to&quot;:&quot;file&quot;,&quot;aspect_ratio&quot;:&quot;3:2&quot;,&quot;overlay_background&quot;:&quot;yes&quot;,&quot;content_hover_animation&quot;:&quot;fade-in&quot;}\" data-widget_type=\"gallery.default\">\n\t\t\t\t<div class=\"elementor-widget-container\">\n\t\t\t\t\t\t\t<div class=\"elementor-gallery__container\">\n\t\t\t\t\t\t\t<a class=\"e-gallery-item elementor-gallery-item elementor-animated-content\" href=\"https:\/\/www.au-donau.at\/heimathaus\/wp-content\/uploads\/2023\/07\/Ungarn-1.jpg\" data-elementor-open-lightbox=\"yes\" data-elementor-lightbox-slideshow=\"faa8fdd\" data-elementor-lightbox-title=\"Ungarn (1)\" data-e-action-hash=\"#elementor-action%3Aaction%3Dlightbox%26settings%3DeyJpZCI6MTY3MiwidXJsIjoiaHR0cHM6XC9cL3d3dy5hdS1kb25hdS5hdFwvaGVpbWF0aGF1c1wvd3AtY29udGVudFwvdXBsb2Fkc1wvMjAyM1wvMDdcL1VuZ2Fybi0xLmpwZyIsInNsaWRlc2hvdyI6ImZhYThmZGQifQ%3D%3D\">\n\t\t\t\t\t<div class=\"e-gallery-image elementor-gallery-item__image\" data-thumbnail=\"https:\/\/www.au-donau.at\/heimathaus\/wp-content\/uploads\/2023\/07\/Ungarn-1-768x576.jpg\" data-width=\"768\" data-height=\"576\" aria-label=\"\" role=\"img\" ><\/div>\n\t\t\t\t\t\t\t\t\t\t\t<div class=\"elementor-gallery-item__overlay\"><\/div>\n\t\t\t\t\t\t\t\t\t\t\t\t\t\t<\/a>\n\t\t\t\t\t\t\t<a class=\"e-gallery-item elementor-gallery-item elementor-animated-content\" href=\"https:\/\/www.au-donau.at\/heimathaus\/wp-content\/uploads\/2023\/07\/Ungarn-2.jpg\" data-elementor-open-lightbox=\"yes\" data-elementor-lightbox-slideshow=\"faa8fdd\" data-elementor-lightbox-title=\"Ungarn (2)\" data-e-action-hash=\"#elementor-action%3Aaction%3Dlightbox%26settings%3DeyJpZCI6MTY3MywidXJsIjoiaHR0cHM6XC9cL3d3dy5hdS1kb25hdS5hdFwvaGVpbWF0aGF1c1wvd3AtY29udGVudFwvdXBsb2Fkc1wvMjAyM1wvMDdcL1VuZ2Fybi0yLmpwZyIsInNsaWRlc2hvdyI6ImZhYThmZGQifQ%3D%3D\">\n\t\t\t\t\t<div class=\"e-gallery-image elementor-gallery-item__image\" data-thumbnail=\"https:\/\/www.au-donau.at\/heimathaus\/wp-content\/uploads\/2023\/07\/Ungarn-2-768x576.jpg\" data-width=\"768\" data-height=\"576\" aria-label=\"\" role=\"img\" ><\/div>\n\t\t\t\t\t\t\t\t\t\t\t<div class=\"elementor-gallery-item__overlay\"><\/div>\n\t\t\t\t\t\t\t\t\t\t\t\t\t\t<\/a>\n\t\t\t\t\t\t\t<a class=\"e-gallery-item elementor-gallery-item elementor-animated-content\" href=\"https:\/\/www.au-donau.at\/heimathaus\/wp-content\/uploads\/2023\/07\/Ungarn-3.jpg\" data-elementor-open-lightbox=\"yes\" data-elementor-lightbox-slideshow=\"faa8fdd\" data-elementor-lightbox-title=\"Ungarn (3)\" data-e-action-hash=\"#elementor-action%3Aaction%3Dlightbox%26settings%3DeyJpZCI6MTY3NCwidXJsIjoiaHR0cHM6XC9cL3d3dy5hdS1kb25hdS5hdFwvaGVpbWF0aGF1c1wvd3AtY29udGVudFwvdXBsb2Fkc1wvMjAyM1wvMDdcL1VuZ2Fybi0zLmpwZyIsInNsaWRlc2hvdyI6ImZhYThmZGQifQ%3D%3D\">\n\t\t\t\t\t<div class=\"e-gallery-image elementor-gallery-item__image\" data-thumbnail=\"https:\/\/www.au-donau.at\/heimathaus\/wp-content\/uploads\/2023\/07\/Ungarn-3-768x576.jpg\" data-width=\"768\" data-height=\"576\" aria-label=\"\" role=\"img\" ><\/div>\n\t\t\t\t\t\t\t\t\t\t\t<div class=\"elementor-gallery-item__overlay\"><\/div>\n\t\t\t\t\t\t\t\t\t\t\t\t\t\t<\/a>\n\t\t\t\t\t<\/div>\n\t\t\t\t\t<\/div>\n\t\t\t\t<\/div>\n\t\t\t\t\t<\/div>\n\t\t<\/div>\n\t\t\t\t\t<\/div>\n\t\t<\/section>\n\t\t\t\t<\/div>\n\t\t","protected":false},"excerpt":{"rendered":"<p>In Begleitung von B\u00fcrgermeister Martin Gaisberger und seiner Frau Andrea, besuchte eine Delegation aus der zuk\u00fcnftigen Partnergemeinde\u00a0ERSEKCSANAD am 30. Juni 2023 das Naarner Heimathaus. Obmann Max Mairhofer f\u00fchrte die G\u00e4ste durch das Heimathaus und zeigte Ihnen auch den Film \u00fcber die Holzschwemme auf der Aist und dieDonaufl\u00f6\u00dferei. Eine ungarische Richterin \u00fcbernahm die Rolle der Dolmetscherin, [&hellip;]<\/p>\n","protected":false},"author":1,"featured_media":0,"comment_status":"closed","ping_status":"closed","sticky":false,"template":"","format":"standard","meta":{"footnotes":""},"categories":[13],"tags":[],"class_list":["post-1670","post","type-post","status-publish","format-standard","hentry","category-rueckblicke"],"_links":{"self":[{"href":"https:\/\/www.au-donau.at\/heimathaus\/wp-json\/wp\/v2\/posts\/1670","targetHints":{"allow":["GET"]}}],"collection":[{"href":"https:\/\/www.au-donau.at\/heimathaus\/wp-json\/wp\/v2\/posts"}],"about":[{"href":"https:\/\/www.au-donau.at\/heimathaus\/wp-json\/wp\/v2\/types\/post"}],"author":[{"embeddable":true,"href":"https:\/\/www.au-donau.at\/heimathaus\/wp-json\/wp\/v2\/users\/1"}],"replies":[{"embeddable":true,"href":"https:\/\/www.au-donau.at\/heimathaus\/wp-json\/wp\/v2\/comments?post=1670"}],"version-history":[{"count":25,"href":"https:\/\/www.au-donau.at\/heimathaus\/wp-json\/wp\/v2\/posts\/1670\/revisions"}],"predecessor-version":[{"id":1719,"href":"https:\/\/www.au-donau.at\/heimathaus\/wp-json\/wp\/v2\/posts\/1670\/revisions\/1719"}],"wp:attachment":[{"href":"https:\/\/www.au-donau.at\/heimathaus\/wp-json\/wp\/v2\/media?parent=1670"}],"wp:term":[{"taxonomy":"category","embeddable":true,"href":"https:\/\/www.au-donau.at\/heimathaus\/wp-json\/wp\/v2\/categories?post=1670"},{"taxonomy":"post_tag","embeddable":true,"href":"https:\/\/www.au-donau.at\/heimathaus\/wp-json\/wp\/v2\/tags?post=1670"}],"curies":[{"name":"wp","href":"https:\/\/api.w.org\/{rel}","templated":true}]}}