{"id":1633,"date":"2023-06-27T20:54:16","date_gmt":"2023-06-27T18:54:16","guid":{"rendered":"https:\/\/www.au-donau.at\/heimathaus2023\/?p=1633"},"modified":"2023-06-27T21:04:41","modified_gmt":"2023-06-27T19:04:41","slug":"besuch-vs-naarn","status":"publish","type":"post","link":"https:\/\/www.au-donau.at\/heimathaus\/besuch-vs-naarn\/","title":{"rendered":"Besuch VS Naarn"},"content":{"rendered":"\t\t<div data-elementor-type=\"wp-post\" data-elementor-id=\"1633\" class=\"elementor elementor-1633\" data-elementor-post-type=\"post\">\n\t\t\t\t<div class=\"elementor-element elementor-element-cfab0d6 e-flex e-con-boxed e-con e-parent\" data-id=\"cfab0d6\" data-element_type=\"container\" data-e-type=\"container\">\n\t\t\t\t\t<div class=\"e-con-inner\">\n\t\t\t\t<div class=\"elementor-element elementor-element-ea769db elementor-widget elementor-widget-text-editor\" data-id=\"ea769db\" data-element_type=\"widget\" data-e-type=\"widget\" data-widget_type=\"text-editor.default\">\n\t\t\t\t<div class=\"elementor-widget-container\">\n\t\t\t\t\t\t\t\t\t<p style=\"text-align: center;\">(Bericht: Julia Buchner)<\/p><p style=\"text-align: center;\"><strong>Besuch Heimathaus Naarn<\/strong><\/p><p style=\"text-align: center;\">Am 23. Juni machten die 3. Klassen der VS Naarn einen sehr interessanten Lehrausgang zum Heimathaus Naarn. Bei perfekten Wetterbedingungen marschierten die Kinder zu Fu\u00df nach Oberwagram.\u00a0 Mit Herrn Mairhofer und Frau Lambauer unternahmen die Kinder einen \u201eSpaziergang durch vergangene Zeiten\u201c. Nach einem Rundgang mit Frau Lambauer durch das Heimathaus zeigte uns Herr Mairhofer auch noch einen interessanten Film zur Fl\u00f6\u00dferei und Scheiterschwemme. Abschlie\u00dfend wurde noch gemeinsam gejausnet und der R\u00fcckweg zur Schule angetreten. Vielen Dank f\u00fcr diesen tollen Vormittag.<\/p>\t\t\t\t\t\t\t\t<\/div>\n\t\t\t\t<\/div>\n\t\t\t\t\t<\/div>\n\t\t\t\t<\/div>\n\t\t<div class=\"elementor-element elementor-element-94db456 e-grid e-con-boxed e-con e-parent\" data-id=\"94db456\" data-element_type=\"container\" data-e-type=\"container\">\n\t\t\t\t\t<div class=\"e-con-inner\">\n\t\t\t\t<div class=\"elementor-element elementor-element-02c26cf elementor-widget elementor-widget-image\" data-id=\"02c26cf\" data-element_type=\"widget\" data-e-type=\"widget\" data-widget_type=\"image.default\">\n\t\t\t\t<div class=\"elementor-widget-container\">\n\t\t\t\t\t\t\t\t\t\t\t\t\t\t\t\t<a href=\"https:\/\/www.au-donau.at\/heimathaus\/wp-content\/uploads\/2023\/06\/WhatsApp-Bild-2023-06-26-um-13.07.37.jpg\" data-elementor-open-lightbox=\"yes\" data-elementor-lightbox-title=\"WhatsApp Bild 2023-06-26 um 13.07.37\" data-e-action-hash=\"#elementor-action%3Aaction%3Dlightbox%26settings%3DeyJpZCI6MTYzNCwidXJsIjoiaHR0cHM6XC9cL3d3dy5hdS1kb25hdS5hdFwvaGVpbWF0aGF1c1wvd3AtY29udGVudFwvdXBsb2Fkc1wvMjAyM1wvMDZcL1doYXRzQXBwLUJpbGQtMjAyMy0wNi0yNi11bS0xMy4wNy4zNy5qcGcifQ%3D%3D\">\n\t\t\t\t\t\t\t<img fetchpriority=\"high\" decoding=\"async\" width=\"800\" height=\"600\" src=\"https:\/\/www.au-donau.at\/heimathaus\/wp-content\/uploads\/2023\/06\/WhatsApp-Bild-2023-06-26-um-13.07.37-1024x768.jpg\" class=\"attachment-large size-large wp-image-1634\" alt=\"\" srcset=\"https:\/\/www.au-donau.at\/heimathaus\/wp-content\/uploads\/2023\/06\/WhatsApp-Bild-2023-06-26-um-13.07.37-1024x768.jpg 1024w, https:\/\/www.au-donau.at\/heimathaus\/wp-content\/uploads\/2023\/06\/WhatsApp-Bild-2023-06-26-um-13.07.37-300x225.jpg 300w, https:\/\/www.au-donau.at\/heimathaus\/wp-content\/uploads\/2023\/06\/WhatsApp-Bild-2023-06-26-um-13.07.37-768x576.jpg 768w, https:\/\/www.au-donau.at\/heimathaus\/wp-content\/uploads\/2023\/06\/WhatsApp-Bild-2023-06-26-um-13.07.37-1536x1152.jpg 1536w, https:\/\/www.au-donau.at\/heimathaus\/wp-content\/uploads\/2023\/06\/WhatsApp-Bild-2023-06-26-um-13.07.37.jpg 2048w\" sizes=\"(max-width: 800px) 100vw, 800px\" \/>\t\t\t\t\t\t\t\t<\/a>\n\t\t\t\t\t\t\t\t\t\t\t\t\t\t\t<\/div>\n\t\t\t\t<\/div>\n\t\t\t\t<div class=\"elementor-element elementor-element-2c1ad88 elementor-widget elementor-widget-image\" data-id=\"2c1ad88\" data-element_type=\"widget\" data-e-type=\"widget\" data-widget_type=\"image.default\">\n\t\t\t\t<div class=\"elementor-widget-container\">\n\t\t\t\t\t\t\t\t\t\t\t\t\t\t\t\t<a href=\"https:\/\/www.au-donau.at\/heimathaus\/wp-content\/uploads\/2023\/06\/WhatsApp-Bild-2023-06-26-um-13.07.39.jpg\" data-elementor-open-lightbox=\"yes\" data-elementor-lightbox-title=\"WhatsApp Bild 2023-06-26 um 13.07.39\" data-e-action-hash=\"#elementor-action%3Aaction%3Dlightbox%26settings%3DeyJpZCI6MTYzNSwidXJsIjoiaHR0cHM6XC9cL3d3dy5hdS1kb25hdS5hdFwvaGVpbWF0aGF1c1wvd3AtY29udGVudFwvdXBsb2Fkc1wvMjAyM1wvMDZcL1doYXRzQXBwLUJpbGQtMjAyMy0wNi0yNi11bS0xMy4wNy4zOS5qcGcifQ%3D%3D\">\n\t\t\t\t\t\t\t<img decoding=\"async\" width=\"800\" height=\"600\" src=\"https:\/\/www.au-donau.at\/heimathaus\/wp-content\/uploads\/2023\/06\/WhatsApp-Bild-2023-06-26-um-13.07.39-1024x768.jpg\" class=\"attachment-large size-large wp-image-1635\" alt=\"\" srcset=\"https:\/\/www.au-donau.at\/heimathaus\/wp-content\/uploads\/2023\/06\/WhatsApp-Bild-2023-06-26-um-13.07.39-1024x768.jpg 1024w, https:\/\/www.au-donau.at\/heimathaus\/wp-content\/uploads\/2023\/06\/WhatsApp-Bild-2023-06-26-um-13.07.39-300x225.jpg 300w, https:\/\/www.au-donau.at\/heimathaus\/wp-content\/uploads\/2023\/06\/WhatsApp-Bild-2023-06-26-um-13.07.39-768x576.jpg 768w, https:\/\/www.au-donau.at\/heimathaus\/wp-content\/uploads\/2023\/06\/WhatsApp-Bild-2023-06-26-um-13.07.39-1536x1152.jpg 1536w, https:\/\/www.au-donau.at\/heimathaus\/wp-content\/uploads\/2023\/06\/WhatsApp-Bild-2023-06-26-um-13.07.39.jpg 2048w\" sizes=\"(max-width: 800px) 100vw, 800px\" \/>\t\t\t\t\t\t\t\t<\/a>\n\t\t\t\t\t\t\t\t\t\t\t\t\t\t\t<\/div>\n\t\t\t\t<\/div>\n\t\t\t\t\t<\/div>\n\t\t\t\t<\/div>\n\t\t\t\t<\/div>\n\t\t","protected":false},"excerpt":{"rendered":"<p>(Bericht: Julia Buchner) Besuch Heimathaus Naarn Am 23. Juni machten die 3. Klassen der VS Naarn einen sehr interessanten Lehrausgang zum Heimathaus Naarn. Bei perfekten Wetterbedingungen marschierten die Kinder zu Fu\u00df nach Oberwagram.\u00a0 Mit Herrn Mairhofer und Frau Lambauer unternahmen die Kinder einen \u201eSpaziergang durch vergangene Zeiten\u201c. Nach einem Rundgang mit Frau Lambauer durch das [&hellip;]<\/p>\n","protected":false},"author":1,"featured_media":0,"comment_status":"closed","ping_status":"closed","sticky":false,"template":"","format":"standard","meta":{"footnotes":""},"categories":[13],"tags":[],"class_list":["post-1633","post","type-post","status-publish","format-standard","hentry","category-rueckblicke"],"_links":{"self":[{"href":"https:\/\/www.au-donau.at\/heimathaus\/wp-json\/wp\/v2\/posts\/1633","targetHints":{"allow":["GET"]}}],"collection":[{"href":"https:\/\/www.au-donau.at\/heimathaus\/wp-json\/wp\/v2\/posts"}],"about":[{"href":"https:\/\/www.au-donau.at\/heimathaus\/wp-json\/wp\/v2\/types\/post"}],"author":[{"embeddable":true,"href":"https:\/\/www.au-donau.at\/heimathaus\/wp-json\/wp\/v2\/users\/1"}],"replies":[{"embeddable":true,"href":"https:\/\/www.au-donau.at\/heimathaus\/wp-json\/wp\/v2\/comments?post=1633"}],"version-history":[{"count":15,"href":"https:\/\/www.au-donau.at\/heimathaus\/wp-json\/wp\/v2\/posts\/1633\/revisions"}],"predecessor-version":[{"id":1651,"href":"https:\/\/www.au-donau.at\/heimathaus\/wp-json\/wp\/v2\/posts\/1633\/revisions\/1651"}],"wp:attachment":[{"href":"https:\/\/www.au-donau.at\/heimathaus\/wp-json\/wp\/v2\/media?parent=1633"}],"wp:term":[{"taxonomy":"category","embeddable":true,"href":"https:\/\/www.au-donau.at\/heimathaus\/wp-json\/wp\/v2\/categories?post=1633"},{"taxonomy":"post_tag","embeddable":true,"href":"https:\/\/www.au-donau.at\/heimathaus\/wp-json\/wp\/v2\/tags?post=1633"}],"curies":[{"name":"wp","href":"https:\/\/api.w.org\/{rel}","templated":true}]}}