{"id":1625,"date":"2023-05-26T22:11:31","date_gmt":"2023-05-26T20:11:31","guid":{"rendered":"https:\/\/www.au-donau.at\/heimathaus2023\/?p=1625"},"modified":"2023-07-20T16:25:17","modified_gmt":"2023-07-20T14:25:17","slug":"maiandacht-im-heimathaus-2","status":"publish","type":"post","link":"https:\/\/www.au-donau.at\/heimathaus\/maiandacht-im-heimathaus-2\/","title":{"rendered":"Maiandacht im Heimathaus"},"content":{"rendered":"\t\t<div data-elementor-type=\"wp-post\" data-elementor-id=\"1625\" class=\"elementor elementor-1625\" data-elementor-post-type=\"post\">\n\t\t\t\t<div class=\"elementor-element elementor-element-fccd776 e-flex e-con-boxed e-con e-parent\" data-id=\"fccd776\" data-element_type=\"container\" data-e-type=\"container\">\n\t\t\t\t\t<div class=\"e-con-inner\">\n\t\t\t\t<div class=\"elementor-element elementor-element-d21c733 elementor-widget elementor-widget-text-editor\" data-id=\"d21c733\" data-element_type=\"widget\" data-e-type=\"widget\" data-widget_type=\"text-editor.default\">\n\t\t\t\t<div class=\"elementor-widget-container\">\n\t\t\t\t\t\t\t\t\t<p><strong>Maiandacht im Heimathaus<\/strong><\/p><p><strong>\u00a0<\/strong><\/p><p>Am 25. Mai 2023 fand im Heimathaus eine Maiandacht und Feldfr\u00fcchtemesse f\u00fcr die Ortschaft Oberwagram statt. 30 Besucher waren der Einladung gefolgt. Pastoralassistentin Pauline Fr\u00f6schl hat die Andacht sehr w\u00fcrdig gestaltet.<\/p><p>Im Anschluss lud der <strong>Kulturverein FORUM NAARN <\/strong>auf Getr\u00e4nke und Kuchen ein. Die k\u00f6stlichen Mehlspeisen wurde dankenswerter Weise von Familie Achleitner (zus\u00e4tzlich frische wohlschmeckende Erdbeeren), Helene Astleithner und Christine Lumetsberger gespendet. Danke auch den Helfern Marianne Mairhofer, Anita Walch und den Organisatoren Max Mairhofer, Daniela Achleitner und Josef Bogner.<\/p><p style=\"text-align: center;\">Der Erl\u00f6s der freiwilligen Spenden wurde der Pfarrkirche Naarn zur Kirchenrenovierung zur Verf\u00fcgung gestellt. Ein gem\u00fctliches Zusammensein rundete den sch\u00f6nen Maiabend zur Zufriedenheit Aller ab.<\/p>\t\t\t\t\t\t\t\t<\/div>\n\t\t\t\t<\/div>\n\t\t\t\t\t<\/div>\n\t\t\t\t<\/div>\n\t\t<div class=\"elementor-element elementor-element-3e79662 e-flex e-con-boxed e-con e-parent\" data-id=\"3e79662\" data-element_type=\"container\" data-e-type=\"container\">\n\t\t\t\t\t<div class=\"e-con-inner\">\n\t\t\t\t\t<\/div>\n\t\t\t\t<\/div>\n\t\t<div class=\"elementor-element elementor-element-a65edab e-flex e-con-boxed e-con e-parent\" data-id=\"a65edab\" data-element_type=\"container\" data-e-type=\"container\">\n\t\t\t\t\t<div class=\"e-con-inner\">\n\t\t\t\t<div class=\"elementor-element elementor-element-fb811b3 elementor-widget elementor-widget-gallery\" data-id=\"fb811b3\" data-element_type=\"widget\" data-e-type=\"widget\" data-settings=\"{&quot;lazyload&quot;:&quot;yes&quot;,&quot;gallery_layout&quot;:&quot;grid&quot;,&quot;columns&quot;:4,&quot;columns_tablet&quot;:2,&quot;columns_mobile&quot;:1,&quot;gap&quot;:{&quot;unit&quot;:&quot;px&quot;,&quot;size&quot;:10,&quot;sizes&quot;:[]},&quot;gap_tablet&quot;:{&quot;unit&quot;:&quot;px&quot;,&quot;size&quot;:10,&quot;sizes&quot;:[]},&quot;gap_mobile&quot;:{&quot;unit&quot;:&quot;px&quot;,&quot;size&quot;:10,&quot;sizes&quot;:[]},&quot;link_to&quot;:&quot;file&quot;,&quot;aspect_ratio&quot;:&quot;3:2&quot;,&quot;overlay_background&quot;:&quot;yes&quot;,&quot;content_hover_animation&quot;:&quot;fade-in&quot;}\" data-widget_type=\"gallery.default\">\n\t\t\t\t<div class=\"elementor-widget-container\">\n\t\t\t\t\t\t\t<div class=\"elementor-gallery__container\">\n\t\t\t\t\t\t\t<a class=\"e-gallery-item elementor-gallery-item elementor-animated-content\" href=\"https:\/\/www.au-donau.at\/heimathaus\/wp-content\/uploads\/2023\/06\/Maiandacht-3.jpg\" data-elementor-open-lightbox=\"yes\" data-elementor-lightbox-slideshow=\"fb811b3\" data-elementor-lightbox-title=\"Maiandacht 3\" data-e-action-hash=\"#elementor-action%3Aaction%3Dlightbox%26settings%3DeyJpZCI6MTYyNywidXJsIjoiaHR0cHM6XC9cL3d3dy5hdS1kb25hdS5hdFwvaGVpbWF0aGF1c1wvd3AtY29udGVudFwvdXBsb2Fkc1wvMjAyM1wvMDZcL01haWFuZGFjaHQtMy5qcGciLCJzbGlkZXNob3ciOiJmYjgxMWIzIn0%3D\">\n\t\t\t\t\t<div class=\"e-gallery-image elementor-gallery-item__image\" data-thumbnail=\"https:\/\/www.au-donau.at\/heimathaus\/wp-content\/uploads\/2023\/06\/Maiandacht-3-300x225.jpg\" data-width=\"300\" data-height=\"225\" aria-label=\"\" role=\"img\" ><\/div>\n\t\t\t\t\t\t\t\t\t\t\t<div class=\"elementor-gallery-item__overlay\"><\/div>\n\t\t\t\t\t\t\t\t\t\t\t\t\t\t<\/a>\n\t\t\t\t\t\t\t<a class=\"e-gallery-item elementor-gallery-item elementor-animated-content\" href=\"https:\/\/www.au-donau.at\/heimathaus\/wp-content\/uploads\/2023\/06\/Foto-Maiandacht-scaled.jpg\" data-elementor-open-lightbox=\"yes\" data-elementor-lightbox-slideshow=\"fb811b3\" data-elementor-lightbox-title=\"Foto Maiandacht\" data-e-action-hash=\"#elementor-action%3Aaction%3Dlightbox%26settings%3DeyJpZCI6MTYyNiwidXJsIjoiaHR0cHM6XC9cL3d3dy5hdS1kb25hdS5hdFwvaGVpbWF0aGF1c1wvd3AtY29udGVudFwvdXBsb2Fkc1wvMjAyM1wvMDZcL0ZvdG8tTWFpYW5kYWNodC1zY2FsZWQuanBnIiwic2xpZGVzaG93IjoiZmI4MTFiMyJ9\">\n\t\t\t\t\t<div class=\"e-gallery-image elementor-gallery-item__image\" data-thumbnail=\"https:\/\/www.au-donau.at\/heimathaus\/wp-content\/uploads\/2023\/06\/Foto-Maiandacht-300x225.jpg\" data-width=\"300\" data-height=\"225\" aria-label=\"\" role=\"img\" ><\/div>\n\t\t\t\t\t\t\t\t\t\t\t<div class=\"elementor-gallery-item__overlay\"><\/div>\n\t\t\t\t\t\t\t\t\t\t\t\t\t\t<\/a>\n\t\t\t\t\t<\/div>\n\t\t\t\t\t<\/div>\n\t\t\t\t<\/div>\n\t\t\t\t\t<\/div>\n\t\t\t\t<\/div>\n\t\t\t\t<\/div>\n\t\t","protected":false},"excerpt":{"rendered":"<p>Maiandacht im Heimathaus \u00a0 Am 25. Mai 2023 fand im Heimathaus eine Maiandacht und Feldfr\u00fcchtemesse f\u00fcr die Ortschaft Oberwagram statt. 30 Besucher waren der Einladung gefolgt. Pastoralassistentin Pauline Fr\u00f6schl hat die Andacht sehr w\u00fcrdig gestaltet. Im Anschluss lud der Kulturverein FORUM NAARN auf Getr\u00e4nke und Kuchen ein. Die k\u00f6stlichen Mehlspeisen wurde dankenswerter Weise von Familie [&hellip;]<\/p>\n","protected":false},"author":1,"featured_media":0,"comment_status":"closed","ping_status":"closed","sticky":false,"template":"","format":"standard","meta":{"footnotes":""},"categories":[13],"tags":[],"class_list":["post-1625","post","type-post","status-publish","format-standard","hentry","category-rueckblicke"],"_links":{"self":[{"href":"https:\/\/www.au-donau.at\/heimathaus\/wp-json\/wp\/v2\/posts\/1625","targetHints":{"allow":["GET"]}}],"collection":[{"href":"https:\/\/www.au-donau.at\/heimathaus\/wp-json\/wp\/v2\/posts"}],"about":[{"href":"https:\/\/www.au-donau.at\/heimathaus\/wp-json\/wp\/v2\/types\/post"}],"author":[{"embeddable":true,"href":"https:\/\/www.au-donau.at\/heimathaus\/wp-json\/wp\/v2\/users\/1"}],"replies":[{"embeddable":true,"href":"https:\/\/www.au-donau.at\/heimathaus\/wp-json\/wp\/v2\/comments?post=1625"}],"version-history":[{"count":7,"href":"https:\/\/www.au-donau.at\/heimathaus\/wp-json\/wp\/v2\/posts\/1625\/revisions"}],"predecessor-version":[{"id":1732,"href":"https:\/\/www.au-donau.at\/heimathaus\/wp-json\/wp\/v2\/posts\/1625\/revisions\/1732"}],"wp:attachment":[{"href":"https:\/\/www.au-donau.at\/heimathaus\/wp-json\/wp\/v2\/media?parent=1625"}],"wp:term":[{"taxonomy":"category","embeddable":true,"href":"https:\/\/www.au-donau.at\/heimathaus\/wp-json\/wp\/v2\/categories?post=1625"},{"taxonomy":"post_tag","embeddable":true,"href":"https:\/\/www.au-donau.at\/heimathaus\/wp-json\/wp\/v2\/tags?post=1625"}],"curies":[{"name":"wp","href":"https:\/\/api.w.org\/{rel}","templated":true}]}}