{"id":1486,"date":"2014-06-06T07:49:05","date_gmt":"2014-06-06T05:49:05","guid":{"rendered":"https:\/\/www.au-donau.at\/heimathaus2023\/?p=1486"},"modified":"2023-05-18T07:50:10","modified_gmt":"2023-05-18T05:50:10","slug":"naarner-kulturtage-vom-2-6-2014-bis-9-6-2014","status":"publish","type":"post","link":"https:\/\/www.au-donau.at\/heimathaus\/naarner-kulturtage-vom-2-6-2014-bis-9-6-2014\/","title":{"rendered":"Naarner Kulturtage vom 2.6.2014 bis 9.6.2014"},"content":{"rendered":"<p><b>2.6.2014\u00a0<\/b>\u2013<b>\u00a0<\/b>Lesung mit Stefan Luftensteiner \u2013 ca. 35 Besucher.<\/p>\n<p><b>4.6.2014<\/b>\u00a0\u2013 Filmabend mit Josef Lichtenberger \u2013 ca. 50 Besucher.<\/p>\n<p><b>7.6.2014<\/b>\u00a0\u2013 Malworkshop mit Antonia Weinberger \u2013 6 Teilnehmer.<\/p>\n<p><strong>9.6.2014\u00a0<\/strong>\u2013 Heimathauser\u00f6ffnung mit ca. 400 Besuchern.<\/p>\n<p style=\"text-align: center;\">Die Er\u00f6ffnung war bei hei\u00dfem Sommerwetter ein Riesenerfolg. Die Ehreng\u00e4ste und Besucher aus nah und fern waren begeistert vom runderneuerten Heimathausensemble.<\/p>\n","protected":false},"excerpt":{"rendered":"<p>2.6.2014\u00a0\u2013\u00a0Lesung mit Stefan Luftensteiner \u2013 ca. 35 Besucher. 4.6.2014\u00a0\u2013 Filmabend mit Josef Lichtenberger \u2013 ca. 50 Besucher. 7.6.2014\u00a0\u2013 Malworkshop mit Antonia Weinberger \u2013 6 Teilnehmer. 9.6.2014\u00a0\u2013 Heimathauser\u00f6ffnung mit ca. 400 Besuchern. Die Er\u00f6ffnung war bei hei\u00dfem Sommerwetter ein Riesenerfolg. Die Ehreng\u00e4ste und Besucher aus nah und fern waren begeistert vom runderneuerten Heimathausensemble.<\/p>\n","protected":false},"author":1,"featured_media":0,"comment_status":"closed","ping_status":"closed","sticky":false,"template":"","format":"standard","meta":{"footnotes":""},"categories":[13],"tags":[],"class_list":["post-1486","post","type-post","status-publish","format-standard","hentry","category-rueckblicke"],"_links":{"self":[{"href":"https:\/\/www.au-donau.at\/heimathaus\/wp-json\/wp\/v2\/posts\/1486","targetHints":{"allow":["GET"]}}],"collection":[{"href":"https:\/\/www.au-donau.at\/heimathaus\/wp-json\/wp\/v2\/posts"}],"about":[{"href":"https:\/\/www.au-donau.at\/heimathaus\/wp-json\/wp\/v2\/types\/post"}],"author":[{"embeddable":true,"href":"https:\/\/www.au-donau.at\/heimathaus\/wp-json\/wp\/v2\/users\/1"}],"replies":[{"embeddable":true,"href":"https:\/\/www.au-donau.at\/heimathaus\/wp-json\/wp\/v2\/comments?post=1486"}],"version-history":[{"count":1,"href":"https:\/\/www.au-donau.at\/heimathaus\/wp-json\/wp\/v2\/posts\/1486\/revisions"}],"predecessor-version":[{"id":1487,"href":"https:\/\/www.au-donau.at\/heimathaus\/wp-json\/wp\/v2\/posts\/1486\/revisions\/1487"}],"wp:attachment":[{"href":"https:\/\/www.au-donau.at\/heimathaus\/wp-json\/wp\/v2\/media?parent=1486"}],"wp:term":[{"taxonomy":"category","embeddable":true,"href":"https:\/\/www.au-donau.at\/heimathaus\/wp-json\/wp\/v2\/categories?post=1486"},{"taxonomy":"post_tag","embeddable":true,"href":"https:\/\/www.au-donau.at\/heimathaus\/wp-json\/wp\/v2\/tags?post=1486"}],"curies":[{"name":"wp","href":"https:\/\/api.w.org\/{rel}","templated":true}]}}