{"id":1463,"date":"2015-07-23T07:19:51","date_gmt":"2015-07-23T05:19:51","guid":{"rendered":"https:\/\/www.au-donau.at\/heimathaus2023\/?p=1463"},"modified":"2023-05-18T07:20:34","modified_gmt":"2023-05-18T05:20:34","slug":"volksmusikabend-3","status":"publish","type":"post","link":"https:\/\/www.au-donau.at\/heimathaus\/volksmusikabend-3\/","title":{"rendered":"Volksmusikabend"},"content":{"rendered":"<p style=\"text-align: center;\">Ein lauer Sommerabend \u2013 Sturm und Starkregen am Ende der Veranstaltung \u2013 bildete die Kulisse zum zweiten Volksmusikabend beim Heimathaus.<br \/>\nCa. 140 Besucher lauschten den Kl\u00e4ngen des Musikvereines Naarn, sowie von Sabine Saminger auf der Harmonika.<br \/>\nDie Machl\u00e4nder Saitenmusi mit Ihrer Stimmungskanone Riki Schmid animierte die vielen G\u00e4ste zum Mitsingen. Gabalierdouble Mario Karl heizte bei seinen Auftritten die Stimmung richtig an. Zugaben wurden lautstark gefordert.<br \/>\nDer Dank von Obmann Max Mairhofer galt allen Mitwirkenden, sowie den vielen freiwilligen Helfern.<br \/>\nEs war wiederum ein sehr gelungener Abend beim Naarner Heimathaus.<\/p>\n","protected":false},"excerpt":{"rendered":"<p>Ein lauer Sommerabend \u2013 Sturm und Starkregen am Ende der Veranstaltung \u2013 bildete die Kulisse zum zweiten Volksmusikabend beim Heimathaus. Ca. 140 Besucher lauschten den Kl\u00e4ngen des Musikvereines Naarn, sowie von Sabine Saminger auf der Harmonika. Die Machl\u00e4nder Saitenmusi mit Ihrer Stimmungskanone Riki Schmid animierte die vielen G\u00e4ste zum Mitsingen. Gabalierdouble Mario Karl heizte bei [&hellip;]<\/p>\n","protected":false},"author":1,"featured_media":0,"comment_status":"closed","ping_status":"closed","sticky":false,"template":"","format":"standard","meta":{"footnotes":""},"categories":[13],"tags":[],"class_list":["post-1463","post","type-post","status-publish","format-standard","hentry","category-rueckblicke"],"_links":{"self":[{"href":"https:\/\/www.au-donau.at\/heimathaus\/wp-json\/wp\/v2\/posts\/1463","targetHints":{"allow":["GET"]}}],"collection":[{"href":"https:\/\/www.au-donau.at\/heimathaus\/wp-json\/wp\/v2\/posts"}],"about":[{"href":"https:\/\/www.au-donau.at\/heimathaus\/wp-json\/wp\/v2\/types\/post"}],"author":[{"embeddable":true,"href":"https:\/\/www.au-donau.at\/heimathaus\/wp-json\/wp\/v2\/users\/1"}],"replies":[{"embeddable":true,"href":"https:\/\/www.au-donau.at\/heimathaus\/wp-json\/wp\/v2\/comments?post=1463"}],"version-history":[{"count":1,"href":"https:\/\/www.au-donau.at\/heimathaus\/wp-json\/wp\/v2\/posts\/1463\/revisions"}],"predecessor-version":[{"id":1464,"href":"https:\/\/www.au-donau.at\/heimathaus\/wp-json\/wp\/v2\/posts\/1463\/revisions\/1464"}],"wp:attachment":[{"href":"https:\/\/www.au-donau.at\/heimathaus\/wp-json\/wp\/v2\/media?parent=1463"}],"wp:term":[{"taxonomy":"category","embeddable":true,"href":"https:\/\/www.au-donau.at\/heimathaus\/wp-json\/wp\/v2\/categories?post=1463"},{"taxonomy":"post_tag","embeddable":true,"href":"https:\/\/www.au-donau.at\/heimathaus\/wp-json\/wp\/v2\/tags?post=1463"}],"curies":[{"name":"wp","href":"https:\/\/api.w.org\/{rel}","templated":true}]}}