{"id":1021,"date":"2016-07-21T20:14:30","date_gmt":"2016-07-21T18:14:30","guid":{"rendered":"https:\/\/www.au-donau.at\/heimathaus2023\/?p=1021"},"modified":"2023-04-11T20:15:30","modified_gmt":"2023-04-11T18:15:30","slug":"volksmusikabend-2","status":"publish","type":"post","link":"https:\/\/www.au-donau.at\/heimathaus\/volksmusikabend-2\/","title":{"rendered":"Volksmusikabend"},"content":{"rendered":"<p style=\"text-align: center;\">Nach den erfolgreichen Abenden in den Jahren 2014 und 2015, war auch der Heurigen Veranstaltung ein gro\u00dfer Erfolg beschieden. Obmann Mairhofer hatte wieder f\u00fcr abwechslungsreiche Programmpunkte gesorgt.<\/p>\n<p style=\"text-align: center;\">Die Auswendigen vom Musikverein Perg, Anja, Laura und Franziska vom Musikverein Naarn, die Liedertafel Naarn mit Texter Josef Froschauer, Benno Mitterlehner, sowie als besondere Attraktion die Alphornbl\u00e4ser aus Allerheiligen, sorgten f\u00fcr beste Stimmung. Ca. 150 Besucher waren von der Vielfalt der Darbietungen beeindruckt und spendeten reichlichen Applaus.<\/p>\n<p style=\"text-align: center;\">Freiwillige Helfer des FORUM NAARN sorgten f\u00fcr vorz\u00fcgliche Bewirtung.<\/p>\n<p style=\"text-align: center;\">Ein wundersch\u00f6ner Abend, der auch von einem kurzen Regenschauer nicht getr\u00fcbt wurde. Einer Fortsetzung dieser Veranstaltungsreihe steht daher f\u00fcr das Jahr 2017 nichts im Wege.<\/p>\n","protected":false},"excerpt":{"rendered":"<p>Nach den erfolgreichen Abenden in den Jahren 2014 und 2015, war auch der Heurigen Veranstaltung ein gro\u00dfer Erfolg beschieden. Obmann Mairhofer hatte wieder f\u00fcr abwechslungsreiche Programmpunkte gesorgt. Die Auswendigen vom Musikverein Perg, Anja, Laura und Franziska vom Musikverein Naarn, die Liedertafel Naarn mit Texter Josef Froschauer, Benno Mitterlehner, sowie als besondere Attraktion die Alphornbl\u00e4ser aus [&hellip;]<\/p>\n","protected":false},"author":1,"featured_media":0,"comment_status":"closed","ping_status":"closed","sticky":false,"template":"","format":"standard","meta":{"footnotes":""},"categories":[13],"tags":[],"class_list":["post-1021","post","type-post","status-publish","format-standard","hentry","category-rueckblicke"],"_links":{"self":[{"href":"https:\/\/www.au-donau.at\/heimathaus\/wp-json\/wp\/v2\/posts\/1021","targetHints":{"allow":["GET"]}}],"collection":[{"href":"https:\/\/www.au-donau.at\/heimathaus\/wp-json\/wp\/v2\/posts"}],"about":[{"href":"https:\/\/www.au-donau.at\/heimathaus\/wp-json\/wp\/v2\/types\/post"}],"author":[{"embeddable":true,"href":"https:\/\/www.au-donau.at\/heimathaus\/wp-json\/wp\/v2\/users\/1"}],"replies":[{"embeddable":true,"href":"https:\/\/www.au-donau.at\/heimathaus\/wp-json\/wp\/v2\/comments?post=1021"}],"version-history":[{"count":1,"href":"https:\/\/www.au-donau.at\/heimathaus\/wp-json\/wp\/v2\/posts\/1021\/revisions"}],"predecessor-version":[{"id":1022,"href":"https:\/\/www.au-donau.at\/heimathaus\/wp-json\/wp\/v2\/posts\/1021\/revisions\/1022"}],"wp:attachment":[{"href":"https:\/\/www.au-donau.at\/heimathaus\/wp-json\/wp\/v2\/media?parent=1021"}],"wp:term":[{"taxonomy":"category","embeddable":true,"href":"https:\/\/www.au-donau.at\/heimathaus\/wp-json\/wp\/v2\/categories?post=1021"},{"taxonomy":"post_tag","embeddable":true,"href":"https:\/\/www.au-donau.at\/heimathaus\/wp-json\/wp\/v2\/tags?post=1021"}],"curies":[{"name":"wp","href":"https:\/\/api.w.org\/{rel}","templated":true}]}}