{"id":1014,"date":"2016-06-18T20:10:28","date_gmt":"2016-06-18T18:10:28","guid":{"rendered":"https:\/\/www.au-donau.at\/heimathaus2023\/?p=1014"},"modified":"2023-04-11T20:12:09","modified_gmt":"2023-04-11T18:12:09","slug":"fest-der-begegnung-der-aelteren-generation","status":"publish","type":"post","link":"https:\/\/www.au-donau.at\/heimathaus\/fest-der-begegnung-der-aelteren-generation\/","title":{"rendered":"Fest der Begegnung der \u00e4lteren Generation"},"content":{"rendered":"<p style=\"text-align: center;\">Am Samstag, den 18. Juni 2016 fand bei traditionell sch\u00f6nem <b>\u201eHeimathauswetter\u201c<\/b>\u00a0ein gem\u00fctlicher Nachmittag statt. Ca. 90 Besucher aus der Gemeinde Naarn, bzw. auch aus Nachbarsgemeinden, verbrachten einige nette Stunden beim Heimathaus.<br \/>\nF\u00fcr Musik sorgte Gerhard Tacha. Gesangsdarbietungen gab es vom Chor des Seniorenbundes Naarn und vom Chor des Pensionistenverbandes Au\/D.<br \/>\nHerr Edmund Traxler gestaltete f\u00fcr interessierte G\u00e4ste eine F\u00fchrung im Heimathaus.<br \/>\nMitglieder des Kulturvereines\u00a0<b>FORUM NAARN<\/b>\u00a0sorgten f\u00fcr die Kulinarik.<br \/>\nEine durchaus gelungene Veranstaltung, die in dieser Art, erstmals durchgef\u00fchrt wurde.<\/p>\n","protected":false},"excerpt":{"rendered":"<p>Am Samstag, den 18. Juni 2016 fand bei traditionell sch\u00f6nem \u201eHeimathauswetter\u201c\u00a0ein gem\u00fctlicher Nachmittag statt. Ca. 90 Besucher aus der Gemeinde Naarn, bzw. auch aus Nachbarsgemeinden, verbrachten einige nette Stunden beim Heimathaus. F\u00fcr Musik sorgte Gerhard Tacha. Gesangsdarbietungen gab es vom Chor des Seniorenbundes Naarn und vom Chor des Pensionistenverbandes Au\/D. Herr Edmund Traxler gestaltete f\u00fcr [&hellip;]<\/p>\n","protected":false},"author":1,"featured_media":0,"comment_status":"closed","ping_status":"closed","sticky":false,"template":"","format":"standard","meta":{"footnotes":""},"categories":[13],"tags":[],"class_list":["post-1014","post","type-post","status-publish","format-standard","hentry","category-rueckblicke"],"_links":{"self":[{"href":"https:\/\/www.au-donau.at\/heimathaus\/wp-json\/wp\/v2\/posts\/1014","targetHints":{"allow":["GET"]}}],"collection":[{"href":"https:\/\/www.au-donau.at\/heimathaus\/wp-json\/wp\/v2\/posts"}],"about":[{"href":"https:\/\/www.au-donau.at\/heimathaus\/wp-json\/wp\/v2\/types\/post"}],"author":[{"embeddable":true,"href":"https:\/\/www.au-donau.at\/heimathaus\/wp-json\/wp\/v2\/users\/1"}],"replies":[{"embeddable":true,"href":"https:\/\/www.au-donau.at\/heimathaus\/wp-json\/wp\/v2\/comments?post=1014"}],"version-history":[{"count":1,"href":"https:\/\/www.au-donau.at\/heimathaus\/wp-json\/wp\/v2\/posts\/1014\/revisions"}],"predecessor-version":[{"id":1015,"href":"https:\/\/www.au-donau.at\/heimathaus\/wp-json\/wp\/v2\/posts\/1014\/revisions\/1015"}],"wp:attachment":[{"href":"https:\/\/www.au-donau.at\/heimathaus\/wp-json\/wp\/v2\/media?parent=1014"}],"wp:term":[{"taxonomy":"category","embeddable":true,"href":"https:\/\/www.au-donau.at\/heimathaus\/wp-json\/wp\/v2\/categories?post=1014"},{"taxonomy":"post_tag","embeddable":true,"href":"https:\/\/www.au-donau.at\/heimathaus\/wp-json\/wp\/v2\/tags?post=1014"}],"curies":[{"name":"wp","href":"https:\/\/api.w.org\/{rel}","templated":true}]}}